{"id":9257,"date":"2014-11-25T14:55:52","date_gmt":"2014-11-25T13:55:52","guid":{"rendered":"http:\/\/www.nonsansraison.com\/WIP\/?post_type=portfolio&#038;p=3623"},"modified":"2017-01-06T15:32:37","modified_gmt":"2017-01-06T14:32:37","slug":"nouvel-tasse-un-cafe-la-derive","status":"publish","type":"post","link":"https:\/\/nonsansraison.com\/en\/nouvel-tasse-un-cafe-la-derive\/","title":{"rendered":"Nouvelle tasse Un caf\u00e9 \u00e0 la d\u00e9rive"},"content":{"rendered":"<p style=\"text-align: justify;\">Imagin\u00e9e par Eloise Orst, la tasse \u201cUn caf\u00e9 \u00e0 la d\u00e9rive\u201d en porcelaine de Limoges fabriqu\u00e9e et \u00e9dit\u00e9e par Non Sans Raison, a remport\u00e9 la mention du design Agora 2014, ville de Bordeaux. Inspir\u00e9e de la forme des balises maritimes qui restent stables, flottent contre vents et mar\u00e9es et sont aussi une aide pr\u00e9cieuse \u00e0 la navigation, la tasse \u201cUn caf\u00e9 \u00e0 la d\u00e9rive\u201d est ing\u00e9nieuse gr\u00e2ce \u00e0 son principe de culbuto lui permettant de r\u00e9cup\u00e9rer ais\u00e9ment sa trajectoire. La fluidit\u00e9 de sa forme, la puret\u00e9 des ses lignes et sa texture \u00e9maill\u00e9e lui conf\u00e8rent de la douceur et de la l\u00e9g\u00e8ret\u00e9 comme si ses pirouettes n&#8217;\u00e9taient qu&#8217;une illusion. Qu&#8217;elle flotte ou qu&#8217;elle cherche \u00e0 tomber \u00e0 la renverse, rassurez-vous, la tasse&#8221; un caf\u00e9 \u00e0 la d\u00e9rive&#8221; a un sens de l&#8217;\u00e9quilibre renversant. De par sa forme cylindrique avec une base conique servant \u00e0 lester de sorte que m\u00eame si la tasse est renvers\u00e9e, elle se redresse toujours et revient \u00e0 sa position stable lui permettant d\u2019\u00e9viter toute catastrophe. Dans cette position l\u00e9g\u00e8rement inclin\u00e9e, la prise en main est facile et le contenu visible et accessible pour y d\u00e9poser non seulement du caf\u00e9 mais \u00e9galement d\u2019autre condiments.<\/p>\n<p style=\"text-align: justify;\">Porcelaine de Limoges &#8211; Fabrication Fran\u00e7aise<br \/>\nDimensions : \u00d8 6 cm, H. 8 cm<br \/>\nId\u00e9al et r\u00e9sistant pour un usage quotidien : four, micro-onde et lave-vaisselle.\n<\/p>\n<p style=\"text-align: justify;\">Created by Elo\u00efse Orst, the cup \u201cA coffee adrift\u201d in Limoges porcelain made and edited by Non Sans Raison won the honours of the design prize Agora 2014, Bordeaux. Inspired by the shape of the sea marks that remain stable, float come hell or high water and are also a valuable aid to navigation, the cup &#8220;A Coffee adrift&#8221; is an ingenious cup with its principle of culbuto allowing it to easily recover its path. With its cylindrical shape composed of a conical base for ballast so that even if the coffee cup is overturned, it always straightens up and returns to its stable position enabling it to avoid catastrophe. In this position slightly tilted, the handling is easy and the visible and accessible contents. With this very practical tilt, the cup &#8220;A coffee adrift&#8221; is used to put not only coffee but also other condiments. Its Design combining pure lines and fluid form and its enameled texture gives it softness and lightness as if its pirouettes were just an illusion. Whether It floats or whether it looking to fall backwards, do not worry, the cup &#8220;A coffee adrift&#8221; has a surprising sense of balance.<\/p>\n<p style=\"text-align: justify;\">Size : \u00d8 2.36\u201d x H 3.15\u201d<br \/>\nIdeal and resistant for daily use : oven and dishwasher safe<br \/>\nMaterial : Limoges porcelain \u2013 specificity extra white kaolin Made in France<\/p>\n","protected":false},"excerpt":{"rendered":"<p>Imagin\u00e9e par Eloise Orst, la tasse \u201cUn caf\u00e9 \u00e0 la d\u00e9rive\u201d en porcelaine de Limoges fabriqu\u00e9e et \u00e9dit\u00e9e par Non Sans Raison, a remport\u00e9 la mention du design Agora 2014, ville de Bordeaux. Inspir\u00e9e de la forme des balises maritimes qui restent stables, flottent contre vents et mar\u00e9es et sont aussi une aide pr\u00e9cieuse \u00e0 la navigation, la tasse \u201cUn [&hellip;]<\/p>\n","protected":false},"author":1,"featured_media":10668,"comment_status":"closed","ping_status":"closed","sticky":false,"template":"","format":"standard","meta":{"footnotes":"","_links_to":"","_links_to_target":""},"categories":[197],"tags":[],"class_list":["post-9257","post","type-post","status-publish","format-standard","has-post-thumbnail","hentry","category-non-classifiee"],"yoast_head":"<!-- This site is optimized with the Yoast SEO plugin v27.1.1 - https:\/\/yoast.com\/product\/yoast-seo-wordpress\/ -->\n<title>Nouvelle tasse Un caf\u00e9 \u00e0 la d\u00e9rive - Non Sans Raison<\/title>\n<meta name=\"description\" content=\"Non Sans Raison, cr\u00e9ateur, fabricant et \u00e9diteur d&#039;art de la table et d&#039;objets design de haute facture artisanale en porcelaine de Limoges commercialis\u00e9es dans le monde entier et r\u00e9alis\u00e9es \u00e0 partir de mat\u00e9riaux nobles. Vente en ligne d&#039;art de la table moderne, assiettes, objets cadeaux design, porcelaine contemporaine et Wall Plates.\" \/>\n<meta name=\"robots\" content=\"index, follow, max-snippet:-1, max-image-preview:large, max-video-preview:-1\" \/>\n<link rel=\"canonical\" href=\"https:\/\/nonsansraison.com\/nouvel-tasse-un-cafe-la-derive\/\" \/>\n<meta property=\"og:locale\" content=\"en_US\" \/>\n<meta property=\"og:type\" content=\"article\" \/>\n<meta property=\"og:title\" content=\"Nouvelle tasse Un caf\u00e9 \u00e0 la d\u00e9rive - Non Sans Raison\" \/>\n<meta property=\"og:description\" content=\"Non Sans Raison, cr\u00e9ateur, fabricant et \u00e9diteur d&#039;art de la table et d&#039;objets design de haute facture artisanale en porcelaine de Limoges commercialis\u00e9es dans le monde entier et r\u00e9alis\u00e9es \u00e0 partir de mat\u00e9riaux nobles. Vente en ligne d&#039;art de la table moderne, assiettes, objets cadeaux design, porcelaine contemporaine et Wall Plates.\" \/>\n<meta property=\"og:url\" content=\"https:\/\/nonsansraison.com\/nouvel-tasse-un-cafe-la-derive\/\" \/>\n<meta property=\"og:site_name\" content=\"Non Sans Raison\" \/>\n<meta property=\"article:publisher\" content=\"https:\/\/www.facebook.com\/nonsansraison\" \/>\n<meta property=\"article:published_time\" content=\"2014-11-25T13:55:52+00:00\" \/>\n<meta property=\"article:modified_time\" content=\"2017-01-06T14:32:37+00:00\" \/>\n<meta property=\"og:image\" content=\"https:\/\/nonsansraison.com\/wp-content\/uploads\/2014\/11\/10x-15-tasse-\u00e0-la-d\u00e9rive5-recto.jpg\" \/>\n\t<meta property=\"og:image:width\" content=\"1819\" \/>\n\t<meta property=\"og:image:height\" content=\"1281\" \/>\n\t<meta property=\"og:image:type\" content=\"image\/jpeg\" \/>\n<meta name=\"author\" content=\"Non Sans Raison\" \/>\n<meta name=\"twitter:card\" content=\"summary_large_image\" \/>\n<meta name=\"twitter:creator\" content=\"@nonsansraison\" \/>\n<meta name=\"twitter:site\" content=\"@nonsansraison\" \/>\n<meta name=\"twitter:label1\" content=\"Written by\" \/>\n\t<meta name=\"twitter:data1\" content=\"Non Sans Raison\" \/>\n\t<meta name=\"twitter:label2\" content=\"Est. reading time\" \/>\n\t<meta name=\"twitter:data2\" content=\"2 minutes\" \/>\n<script type=\"application\/ld+json\" class=\"yoast-schema-graph\">{\"@context\":\"https:\/\/schema.org\",\"@graph\":[{\"@type\":\"Article\",\"@id\":\"https:\/\/nonsansraison.com\/nouvel-tasse-un-cafe-la-derive\/#article\",\"isPartOf\":{\"@id\":\"https:\/\/nonsansraison.com\/nouvel-tasse-un-cafe-la-derive\/\"},\"author\":{\"name\":\"Non Sans Raison\",\"@id\":\"https:\/\/nonsansraison.com\/#\/schema\/person\/76e6c9f312332d3a496285a9a97b777b\"},\"headline\":\"Nouvelle tasse Un caf\u00e9 \u00e0 la d\u00e9rive\",\"datePublished\":\"2014-11-25T13:55:52+00:00\",\"dateModified\":\"2017-01-06T14:32:37+00:00\",\"mainEntityOfPage\":{\"@id\":\"https:\/\/nonsansraison.com\/nouvel-tasse-un-cafe-la-derive\/\"},\"wordCount\":467,\"publisher\":{\"@id\":\"https:\/\/nonsansraison.com\/#organization\"},\"image\":{\"@id\":\"https:\/\/nonsansraison.com\/nouvel-tasse-un-cafe-la-derive\/#primaryimage\"},\"thumbnailUrl\":\"https:\/\/nonsansraison.com\/wp-content\/uploads\/2014\/11\/10x-15-tasse-\u00e0-la-d\u00e9rive5-recto.jpg\",\"articleSection\":[\"Non classifi\u00e9(e)\"],\"inLanguage\":\"en-US\"},{\"@type\":\"WebPage\",\"@id\":\"https:\/\/nonsansraison.com\/nouvel-tasse-un-cafe-la-derive\/\",\"url\":\"https:\/\/nonsansraison.com\/nouvel-tasse-un-cafe-la-derive\/\",\"name\":\"Nouvelle tasse Un caf\u00e9 \u00e0 la d\u00e9rive - Non Sans Raison\",\"isPartOf\":{\"@id\":\"https:\/\/nonsansraison.com\/#website\"},\"primaryImageOfPage\":{\"@id\":\"https:\/\/nonsansraison.com\/nouvel-tasse-un-cafe-la-derive\/#primaryimage\"},\"image\":{\"@id\":\"https:\/\/nonsansraison.com\/nouvel-tasse-un-cafe-la-derive\/#primaryimage\"},\"thumbnailUrl\":\"https:\/\/nonsansraison.com\/wp-content\/uploads\/2014\/11\/10x-15-tasse-\u00e0-la-d\u00e9rive5-recto.jpg\",\"datePublished\":\"2014-11-25T13:55:52+00:00\",\"dateModified\":\"2017-01-06T14:32:37+00:00\",\"description\":\"Non Sans Raison, cr\u00e9ateur, fabricant et \u00e9diteur d'art de la table et d'objets design de haute facture artisanale en porcelaine de Limoges commercialis\u00e9es dans le monde entier et r\u00e9alis\u00e9es \u00e0 partir de mat\u00e9riaux nobles. Vente en ligne d'art de la table moderne, assiettes, objets cadeaux design, porcelaine contemporaine et Wall Plates.\",\"breadcrumb\":{\"@id\":\"https:\/\/nonsansraison.com\/nouvel-tasse-un-cafe-la-derive\/#breadcrumb\"},\"inLanguage\":\"en-US\",\"potentialAction\":[{\"@type\":\"ReadAction\",\"target\":[\"https:\/\/nonsansraison.com\/nouvel-tasse-un-cafe-la-derive\/\"]}]},{\"@type\":\"ImageObject\",\"inLanguage\":\"en-US\",\"@id\":\"https:\/\/nonsansraison.com\/nouvel-tasse-un-cafe-la-derive\/#primaryimage\",\"url\":\"https:\/\/nonsansraison.com\/wp-content\/uploads\/2014\/11\/10x-15-tasse-\u00e0-la-d\u00e9rive5-recto.jpg\",\"contentUrl\":\"https:\/\/nonsansraison.com\/wp-content\/uploads\/2014\/11\/10x-15-tasse-\u00e0-la-d\u00e9rive5-recto.jpg\",\"width\":1819,\"height\":1281,\"caption\":\"Non Sans Raison porcelaine de Limoges ceramics made in France\"},{\"@type\":\"BreadcrumbList\",\"@id\":\"https:\/\/nonsansraison.com\/nouvel-tasse-un-cafe-la-derive\/#breadcrumb\",\"itemListElement\":[{\"@type\":\"ListItem\",\"position\":1,\"name\":\"Accueil\",\"item\":\"https:\/\/nonsansraison.com\/en\/\"},{\"@type\":\"ListItem\",\"position\":2,\"name\":\"Nouvelle tasse Un caf\u00e9 \u00e0 la d\u00e9rive\"}]},{\"@type\":\"WebSite\",\"@id\":\"https:\/\/nonsansraison.com\/#website\",\"url\":\"https:\/\/nonsansraison.com\/\",\"name\":\"Non Sans Raison\",\"description\":\"Porcelaine de Limoges\",\"publisher\":{\"@id\":\"https:\/\/nonsansraison.com\/#organization\"},\"potentialAction\":[{\"@type\":\"SearchAction\",\"target\":{\"@type\":\"EntryPoint\",\"urlTemplate\":\"https:\/\/nonsansraison.com\/?s={search_term_string}\"},\"query-input\":{\"@type\":\"PropertyValueSpecification\",\"valueRequired\":true,\"valueName\":\"search_term_string\"}}],\"inLanguage\":\"en-US\"},{\"@type\":\"Organization\",\"@id\":\"https:\/\/nonsansraison.com\/#organization\",\"name\":\"Non Sans Raison\",\"url\":\"https:\/\/nonsansraison.com\/\",\"logo\":{\"@type\":\"ImageObject\",\"inLanguage\":\"en-US\",\"@id\":\"https:\/\/nonsansraison.com\/#\/schema\/logo\/image\/\",\"url\":\"https:\/\/nonsansraison.com\/wp-content\/uploads\/2021\/07\/logo-Non-Sans-Raison-porcelaine-Limoges-France.jpg\",\"contentUrl\":\"https:\/\/nonsansraison.com\/wp-content\/uploads\/2021\/07\/logo-Non-Sans-Raison-porcelaine-Limoges-France.jpg\",\"width\":500,\"height\":500,\"caption\":\"Non Sans Raison\"},\"image\":{\"@id\":\"https:\/\/nonsansraison.com\/#\/schema\/logo\/image\/\"},\"sameAs\":[\"https:\/\/www.facebook.com\/nonsansraison\",\"https:\/\/x.com\/nonsansraison\",\"https:\/\/www.instagram.com\/nonsansraison\/\",\"https:\/\/www.linkedin.com\/company\/non-sans-raison\",\"https:\/\/fr.pinterest.com\/nonsansraison\/\"]},{\"@type\":\"Person\",\"@id\":\"https:\/\/nonsansraison.com\/#\/schema\/person\/76e6c9f312332d3a496285a9a97b777b\",\"name\":\"Non Sans Raison\"}]}<\/script>\n<!-- \/ Yoast SEO plugin. -->","yoast_head_json":{"title":"Nouvelle tasse Un caf\u00e9 \u00e0 la d\u00e9rive - Non Sans Raison","description":"Non Sans Raison, cr\u00e9ateur, fabricant et \u00e9diteur d'art de la table et d'objets design de haute facture artisanale en porcelaine de Limoges commercialis\u00e9es dans le monde entier et r\u00e9alis\u00e9es \u00e0 partir de mat\u00e9riaux nobles. Vente en ligne d'art de la table moderne, assiettes, objets cadeaux design, porcelaine contemporaine et Wall Plates.","robots":{"index":"index","follow":"follow","max-snippet":"max-snippet:-1","max-image-preview":"max-image-preview:large","max-video-preview":"max-video-preview:-1"},"canonical":"https:\/\/nonsansraison.com\/nouvel-tasse-un-cafe-la-derive\/","og_locale":"en_US","og_type":"article","og_title":"Nouvelle tasse Un caf\u00e9 \u00e0 la d\u00e9rive - Non Sans Raison","og_description":"Non Sans Raison, cr\u00e9ateur, fabricant et \u00e9diteur d'art de la table et d'objets design de haute facture artisanale en porcelaine de Limoges commercialis\u00e9es dans le monde entier et r\u00e9alis\u00e9es \u00e0 partir de mat\u00e9riaux nobles. Vente en ligne d'art de la table moderne, assiettes, objets cadeaux design, porcelaine contemporaine et Wall Plates.","og_url":"https:\/\/nonsansraison.com\/nouvel-tasse-un-cafe-la-derive\/","og_site_name":"Non Sans Raison","article_publisher":"https:\/\/www.facebook.com\/nonsansraison","article_published_time":"2014-11-25T13:55:52+00:00","article_modified_time":"2017-01-06T14:32:37+00:00","og_image":[{"width":1819,"height":1281,"url":"https:\/\/nonsansraison.com\/wp-content\/uploads\/2014\/11\/10x-15-tasse-\u00e0-la-d\u00e9rive5-recto.jpg","type":"image\/jpeg"}],"author":"Non Sans Raison","twitter_card":"summary_large_image","twitter_creator":"@nonsansraison","twitter_site":"@nonsansraison","twitter_misc":{"Written by":"Non Sans Raison","Est. reading time":"2 minutes"},"schema":{"@context":"https:\/\/schema.org","@graph":[{"@type":"Article","@id":"https:\/\/nonsansraison.com\/nouvel-tasse-un-cafe-la-derive\/#article","isPartOf":{"@id":"https:\/\/nonsansraison.com\/nouvel-tasse-un-cafe-la-derive\/"},"author":{"name":"Non Sans Raison","@id":"https:\/\/nonsansraison.com\/#\/schema\/person\/76e6c9f312332d3a496285a9a97b777b"},"headline":"Nouvelle tasse Un caf\u00e9 \u00e0 la d\u00e9rive","datePublished":"2014-11-25T13:55:52+00:00","dateModified":"2017-01-06T14:32:37+00:00","mainEntityOfPage":{"@id":"https:\/\/nonsansraison.com\/nouvel-tasse-un-cafe-la-derive\/"},"wordCount":467,"publisher":{"@id":"https:\/\/nonsansraison.com\/#organization"},"image":{"@id":"https:\/\/nonsansraison.com\/nouvel-tasse-un-cafe-la-derive\/#primaryimage"},"thumbnailUrl":"https:\/\/nonsansraison.com\/wp-content\/uploads\/2014\/11\/10x-15-tasse-\u00e0-la-d\u00e9rive5-recto.jpg","articleSection":["Non classifi\u00e9(e)"],"inLanguage":"en-US"},{"@type":"WebPage","@id":"https:\/\/nonsansraison.com\/nouvel-tasse-un-cafe-la-derive\/","url":"https:\/\/nonsansraison.com\/nouvel-tasse-un-cafe-la-derive\/","name":"Nouvelle tasse Un caf\u00e9 \u00e0 la d\u00e9rive - Non Sans Raison","isPartOf":{"@id":"https:\/\/nonsansraison.com\/#website"},"primaryImageOfPage":{"@id":"https:\/\/nonsansraison.com\/nouvel-tasse-un-cafe-la-derive\/#primaryimage"},"image":{"@id":"https:\/\/nonsansraison.com\/nouvel-tasse-un-cafe-la-derive\/#primaryimage"},"thumbnailUrl":"https:\/\/nonsansraison.com\/wp-content\/uploads\/2014\/11\/10x-15-tasse-\u00e0-la-d\u00e9rive5-recto.jpg","datePublished":"2014-11-25T13:55:52+00:00","dateModified":"2017-01-06T14:32:37+00:00","description":"Non Sans Raison, cr\u00e9ateur, fabricant et \u00e9diteur d'art de la table et d'objets design de haute facture artisanale en porcelaine de Limoges commercialis\u00e9es dans le monde entier et r\u00e9alis\u00e9es \u00e0 partir de mat\u00e9riaux nobles. Vente en ligne d'art de la table moderne, assiettes, objets cadeaux design, porcelaine contemporaine et Wall Plates.","breadcrumb":{"@id":"https:\/\/nonsansraison.com\/nouvel-tasse-un-cafe-la-derive\/#breadcrumb"},"inLanguage":"en-US","potentialAction":[{"@type":"ReadAction","target":["https:\/\/nonsansraison.com\/nouvel-tasse-un-cafe-la-derive\/"]}]},{"@type":"ImageObject","inLanguage":"en-US","@id":"https:\/\/nonsansraison.com\/nouvel-tasse-un-cafe-la-derive\/#primaryimage","url":"https:\/\/nonsansraison.com\/wp-content\/uploads\/2014\/11\/10x-15-tasse-\u00e0-la-d\u00e9rive5-recto.jpg","contentUrl":"https:\/\/nonsansraison.com\/wp-content\/uploads\/2014\/11\/10x-15-tasse-\u00e0-la-d\u00e9rive5-recto.jpg","width":1819,"height":1281,"caption":"Non Sans Raison porcelaine de Limoges ceramics made in France"},{"@type":"BreadcrumbList","@id":"https:\/\/nonsansraison.com\/nouvel-tasse-un-cafe-la-derive\/#breadcrumb","itemListElement":[{"@type":"ListItem","position":1,"name":"Accueil","item":"https:\/\/nonsansraison.com\/en\/"},{"@type":"ListItem","position":2,"name":"Nouvelle tasse Un caf\u00e9 \u00e0 la d\u00e9rive"}]},{"@type":"WebSite","@id":"https:\/\/nonsansraison.com\/#website","url":"https:\/\/nonsansraison.com\/","name":"Non Sans Raison","description":"Porcelaine de Limoges","publisher":{"@id":"https:\/\/nonsansraison.com\/#organization"},"potentialAction":[{"@type":"SearchAction","target":{"@type":"EntryPoint","urlTemplate":"https:\/\/nonsansraison.com\/?s={search_term_string}"},"query-input":{"@type":"PropertyValueSpecification","valueRequired":true,"valueName":"search_term_string"}}],"inLanguage":"en-US"},{"@type":"Organization","@id":"https:\/\/nonsansraison.com\/#organization","name":"Non Sans Raison","url":"https:\/\/nonsansraison.com\/","logo":{"@type":"ImageObject","inLanguage":"en-US","@id":"https:\/\/nonsansraison.com\/#\/schema\/logo\/image\/","url":"https:\/\/nonsansraison.com\/wp-content\/uploads\/2021\/07\/logo-Non-Sans-Raison-porcelaine-Limoges-France.jpg","contentUrl":"https:\/\/nonsansraison.com\/wp-content\/uploads\/2021\/07\/logo-Non-Sans-Raison-porcelaine-Limoges-France.jpg","width":500,"height":500,"caption":"Non Sans Raison"},"image":{"@id":"https:\/\/nonsansraison.com\/#\/schema\/logo\/image\/"},"sameAs":["https:\/\/www.facebook.com\/nonsansraison","https:\/\/x.com\/nonsansraison","https:\/\/www.instagram.com\/nonsansraison\/","https:\/\/www.linkedin.com\/company\/non-sans-raison","https:\/\/fr.pinterest.com\/nonsansraison\/"]},{"@type":"Person","@id":"https:\/\/nonsansraison.com\/#\/schema\/person\/76e6c9f312332d3a496285a9a97b777b","name":"Non Sans Raison"}]}},"_links":{"self":[{"href":"https:\/\/nonsansraison.com\/en\/wp-json\/wp\/v2\/posts\/9257","targetHints":{"allow":["GET"]}}],"collection":[{"href":"https:\/\/nonsansraison.com\/en\/wp-json\/wp\/v2\/posts"}],"about":[{"href":"https:\/\/nonsansraison.com\/en\/wp-json\/wp\/v2\/types\/post"}],"author":[{"embeddable":true,"href":"https:\/\/nonsansraison.com\/en\/wp-json\/wp\/v2\/users\/1"}],"replies":[{"embeddable":true,"href":"https:\/\/nonsansraison.com\/en\/wp-json\/wp\/v2\/comments?post=9257"}],"version-history":[{"count":3,"href":"https:\/\/nonsansraison.com\/en\/wp-json\/wp\/v2\/posts\/9257\/revisions"}],"predecessor-version":[{"id":10812,"href":"https:\/\/nonsansraison.com\/en\/wp-json\/wp\/v2\/posts\/9257\/revisions\/10812"}],"wp:featuredmedia":[{"embeddable":true,"href":"https:\/\/nonsansraison.com\/en\/wp-json\/wp\/v2\/media\/10668"}],"wp:attachment":[{"href":"https:\/\/nonsansraison.com\/en\/wp-json\/wp\/v2\/media?parent=9257"}],"wp:term":[{"taxonomy":"category","embeddable":true,"href":"https:\/\/nonsansraison.com\/en\/wp-json\/wp\/v2\/categories?post=9257"},{"taxonomy":"post_tag","embeddable":true,"href":"https:\/\/nonsansraison.com\/en\/wp-json\/wp\/v2\/tags?post=9257"}],"curies":[{"name":"wp","href":"https:\/\/api.w.org\/{rel}","templated":true}]}}