{"id":9181,"date":"2013-06-02T22:14:17","date_gmt":"2013-06-02T21:14:17","guid":{"rendered":"http:\/\/www.nonsansraison.com\/WIP\/?post_type=portfolio&#038;p=2959"},"modified":"2017-11-29T14:32:07","modified_gmt":"2017-11-29T13:32:07","slug":"designers-days-2013","status":"publish","type":"post","link":"https:\/\/nonsansraison.com\/en\/designers-days-2013\/","title":{"rendered":"Designers&#8217; Days 2013"},"content":{"rendered":"<p><!--:fr--><\/p>\n<p style=\"text-align: justify;\">A l&#8217;occasion de l&#8217;\u00e9dition 2013 des <strong>D&#8217;D<\/strong>AYS qui aura lieu du <strong>4 au 9 juin<\/strong> prochain, <strong>Non Sans Raison, Northern Lighting et Julie Gaillard<\/strong> auront le plaisir de vous pr\u00e9senter leurs nouvelles cr\u00e9ations en avant premi\u00e8re \u00e0 la galerie boutique <strong>Think&amp;more<\/strong>, un lieu inspir\u00e9 avec une s\u00e9lection pointue et un concept d\u00e9cloisonn\u00e9, tenu par deux passionn\u00e9s d&#8217;art et de design.<\/p>\n<p style=\"text-align: justify;\">Unis par des mati\u00e8res ancestrales tels que le bois, la c\u00e9ramique et la lumi\u00e8re et par leur respect des savoir faire, Non Sans Raison, Northern Lighting et Julie Gaillard se r\u00e9unissent autour d&#8217;une passion commune le design alternatif. Leurs cr\u00e9ations parlent \u00e0 la fois de progr\u00e8s et d&#8217;\u00e9volution dans nos gestes du quotidien qu&#8217;ils soient dans la fabrication ou dans les usages. Elles oeuvrent \u00e0 une r\u00e9flexion plus large sur le rapport entre pass\u00e9, pr\u00e9sent et futur. En r\u00e9ponse au th\u00e8me des D&#8217;DAYS &#8220;Et demain\u2026&#8221;, ils vous invitent \u00e0 d\u00e9couvrir une sc\u00e9nographie originale entre modernit\u00e9 pr\u00e9historique et perfect futur au carrefour de l&#8217;artisanat et de l &#8216; innovation.<\/p>\n<p style=\"text-align: justify;\">A l&#8217;occasion du vernissage qui aura lieu le 4 juin \u00e0 partir de 19h, Charles Teboul, propri\u00e9taire de Vino e Cuccina et de l&#8217;Impro&#8217;Vi s ta, pr\u00e9sentera son nouveau concept de restauration rapide O&#8217;Bento Mio met tant comme \u00e0 son habitude la gastronomie italienne \u00e0 l&#8217;honneur. O&#8217;Bento Mio, partenaire de l&#8217;\u00e9v\u00e9nement, proposera un buffet \u00e0 la fois ludique, sain et savoureux dans des bentos biod\u00e9gradables respectueux de l&#8217;environnement pour le plus grand plaisir des sens et du nomadisme. Toujours dans cette volont\u00e9 de proposer des produits d&#8217;origine et de quali t\u00e9 que souhaite mettre en avant cette exposition, O&#8217;Bento Mio<br \/>\noffrira des produits de saison purement italiens.<\/p>\n<p style=\"text-align: justify;\">Exposition pr\u00e9sent\u00e9e sur le <strong>parcours rive droite.<\/strong><br \/>\n<strong>Horaires d&#8217;ouverture :<\/strong><br \/>\nMardi 4 juin : 13h \u2013 22h,<br \/>\nDu mercredi 5 au dimanche 9 juin : 10h -19h<br \/>\nThink&amp;more&#8230;108 rue Saint-Honor\u00e9, 75001 Paris. M\u00e9tro Louvre Rivoli.<br \/>\nRenseignements : <\/p>\n<p><!--:--><\/p>\n","protected":false},"excerpt":{"rendered":"<p>A l&#8217;occasion de l&#8217;\u00e9dition 2013 des D&#8217;DAYS qui aura lieu du 4 au 9 juin prochain, Non Sans Raison, Northern Lighting et Julie Gaillard auront le plaisir de vous pr\u00e9senter leurs nouvelles cr\u00e9ations en avant premi\u00e8re \u00e0 la galerie boutique Think&amp;more, un lieu inspir\u00e9 avec une s\u00e9lection pointue et un concept d\u00e9cloisonn\u00e9, tenu par deux passionn\u00e9s d&#8217;art et de design. [&hellip;]<\/p>\n","protected":false},"author":1,"featured_media":10482,"comment_status":"closed","ping_status":"closed","sticky":false,"template":"","format":"standard","meta":{"footnotes":"","_links_to":"","_links_to_target":""},"categories":[197],"tags":[],"class_list":["post-9181","post","type-post","status-publish","format-standard","has-post-thumbnail","hentry","category-non-classifiee"],"yoast_head":"<!-- This site is optimized with the Yoast SEO plugin v27.1.1 - https:\/\/yoast.com\/product\/yoast-seo-wordpress\/ -->\n<title>Designers&#039; Days 2013 - Non Sans Raison<\/title>\n<meta name=\"description\" content=\"Non Sans Raison, cr\u00e9ateur, fabricant et \u00e9diteur d&#039;art de la table et d&#039;objets design de haute facture artisanale en porcelaine de Limoges commercialis\u00e9es dans le monde entier et r\u00e9alis\u00e9es \u00e0 partir de mat\u00e9riaux nobles. Vente en ligne d&#039;art de la table moderne, assiettes, objets cadeaux design, porcelaine contemporaine et Wall Plates.\" \/>\n<meta name=\"robots\" content=\"index, follow, max-snippet:-1, max-image-preview:large, max-video-preview:-1\" \/>\n<link rel=\"canonical\" href=\"https:\/\/nonsansraison.com\/designers-days-2013\/\" \/>\n<meta property=\"og:locale\" content=\"en_US\" \/>\n<meta property=\"og:type\" content=\"article\" \/>\n<meta property=\"og:title\" content=\"Designers&#039; Days 2013 - Non Sans Raison\" \/>\n<meta property=\"og:description\" content=\"Non Sans Raison, cr\u00e9ateur, fabricant et \u00e9diteur d&#039;art de la table et d&#039;objets design de haute facture artisanale en porcelaine de Limoges commercialis\u00e9es dans le monde entier et r\u00e9alis\u00e9es \u00e0 partir de mat\u00e9riaux nobles. Vente en ligne d&#039;art de la table moderne, assiettes, objets cadeaux design, porcelaine contemporaine et Wall Plates.\" \/>\n<meta property=\"og:url\" content=\"https:\/\/nonsansraison.com\/designers-days-2013\/\" \/>\n<meta property=\"og:site_name\" content=\"Non Sans Raison\" \/>\n<meta property=\"article:publisher\" content=\"https:\/\/www.facebook.com\/nonsansraison\" \/>\n<meta property=\"article:published_time\" content=\"2013-06-02T21:14:17+00:00\" \/>\n<meta property=\"article:modified_time\" content=\"2017-11-29T13:32:07+00:00\" \/>\n<meta property=\"og:image\" content=\"https:\/\/nonsansraison.com\/wp-content\/uploads\/2015\/06\/non-sans-raison-porcelaine-de-limoges-future-perfect-designers-days-luxury-porcelain-limoges.jpg\" \/>\n\t<meta property=\"og:image:width\" content=\"950\" \/>\n\t<meta property=\"og:image:height\" content=\"475\" \/>\n\t<meta property=\"og:image:type\" content=\"image\/jpeg\" \/>\n<meta name=\"author\" content=\"Non Sans Raison\" \/>\n<meta name=\"twitter:card\" content=\"summary_large_image\" \/>\n<meta name=\"twitter:creator\" content=\"@nonsansraison\" \/>\n<meta name=\"twitter:site\" content=\"@nonsansraison\" \/>\n<meta name=\"twitter:label1\" content=\"Written by\" \/>\n\t<meta name=\"twitter:data1\" content=\"Non Sans Raison\" \/>\n\t<meta name=\"twitter:label2\" content=\"Est. reading time\" \/>\n\t<meta name=\"twitter:data2\" content=\"2 minutes\" \/>\n<script type=\"application\/ld+json\" class=\"yoast-schema-graph\">{\"@context\":\"https:\/\/schema.org\",\"@graph\":[{\"@type\":\"Article\",\"@id\":\"https:\/\/nonsansraison.com\/designers-days-2013\/#article\",\"isPartOf\":{\"@id\":\"https:\/\/nonsansraison.com\/designers-days-2013\/\"},\"author\":{\"name\":\"Non Sans Raison\",\"@id\":\"https:\/\/nonsansraison.com\/#\/schema\/person\/76e6c9f312332d3a496285a9a97b777b\"},\"headline\":\"Designers&#8217; Days 2013\",\"datePublished\":\"2013-06-02T21:14:17+00:00\",\"dateModified\":\"2017-11-29T13:32:07+00:00\",\"mainEntityOfPage\":{\"@id\":\"https:\/\/nonsansraison.com\/designers-days-2013\/\"},\"wordCount\":343,\"publisher\":{\"@id\":\"https:\/\/nonsansraison.com\/#organization\"},\"image\":{\"@id\":\"https:\/\/nonsansraison.com\/designers-days-2013\/#primaryimage\"},\"thumbnailUrl\":\"https:\/\/nonsansraison.com\/wp-content\/uploads\/2015\/06\/non-sans-raison-porcelaine-de-limoges-future-perfect-designers-days-luxury-porcelain-limoges.jpg\",\"articleSection\":[\"Non classifi\u00e9(e)\"],\"inLanguage\":\"en-US\"},{\"@type\":\"WebPage\",\"@id\":\"https:\/\/nonsansraison.com\/designers-days-2013\/\",\"url\":\"https:\/\/nonsansraison.com\/designers-days-2013\/\",\"name\":\"Designers' Days 2013 - Non Sans Raison\",\"isPartOf\":{\"@id\":\"https:\/\/nonsansraison.com\/#website\"},\"primaryImageOfPage\":{\"@id\":\"https:\/\/nonsansraison.com\/designers-days-2013\/#primaryimage\"},\"image\":{\"@id\":\"https:\/\/nonsansraison.com\/designers-days-2013\/#primaryimage\"},\"thumbnailUrl\":\"https:\/\/nonsansraison.com\/wp-content\/uploads\/2015\/06\/non-sans-raison-porcelaine-de-limoges-future-perfect-designers-days-luxury-porcelain-limoges.jpg\",\"datePublished\":\"2013-06-02T21:14:17+00:00\",\"dateModified\":\"2017-11-29T13:32:07+00:00\",\"description\":\"Non Sans Raison, cr\u00e9ateur, fabricant et \u00e9diteur d'art de la table et d'objets design de haute facture artisanale en porcelaine de Limoges commercialis\u00e9es dans le monde entier et r\u00e9alis\u00e9es \u00e0 partir de mat\u00e9riaux nobles. Vente en ligne d'art de la table moderne, assiettes, objets cadeaux design, porcelaine contemporaine et Wall Plates.\",\"breadcrumb\":{\"@id\":\"https:\/\/nonsansraison.com\/designers-days-2013\/#breadcrumb\"},\"inLanguage\":\"en-US\",\"potentialAction\":[{\"@type\":\"ReadAction\",\"target\":[\"https:\/\/nonsansraison.com\/designers-days-2013\/\"]}]},{\"@type\":\"ImageObject\",\"inLanguage\":\"en-US\",\"@id\":\"https:\/\/nonsansraison.com\/designers-days-2013\/#primaryimage\",\"url\":\"https:\/\/nonsansraison.com\/wp-content\/uploads\/2015\/06\/non-sans-raison-porcelaine-de-limoges-future-perfect-designers-days-luxury-porcelain-limoges.jpg\",\"contentUrl\":\"https:\/\/nonsansraison.com\/wp-content\/uploads\/2015\/06\/non-sans-raison-porcelaine-de-limoges-future-perfect-designers-days-luxury-porcelain-limoges.jpg\",\"width\":950,\"height\":475},{\"@type\":\"BreadcrumbList\",\"@id\":\"https:\/\/nonsansraison.com\/designers-days-2013\/#breadcrumb\",\"itemListElement\":[{\"@type\":\"ListItem\",\"position\":1,\"name\":\"Accueil\",\"item\":\"https:\/\/nonsansraison.com\/en\/\"},{\"@type\":\"ListItem\",\"position\":2,\"name\":\"Designers&#8217; Days 2013\"}]},{\"@type\":\"WebSite\",\"@id\":\"https:\/\/nonsansraison.com\/#website\",\"url\":\"https:\/\/nonsansraison.com\/\",\"name\":\"Non Sans Raison\",\"description\":\"Porcelaine de Limoges\",\"publisher\":{\"@id\":\"https:\/\/nonsansraison.com\/#organization\"},\"potentialAction\":[{\"@type\":\"SearchAction\",\"target\":{\"@type\":\"EntryPoint\",\"urlTemplate\":\"https:\/\/nonsansraison.com\/?s={search_term_string}\"},\"query-input\":{\"@type\":\"PropertyValueSpecification\",\"valueRequired\":true,\"valueName\":\"search_term_string\"}}],\"inLanguage\":\"en-US\"},{\"@type\":\"Organization\",\"@id\":\"https:\/\/nonsansraison.com\/#organization\",\"name\":\"Non Sans Raison\",\"url\":\"https:\/\/nonsansraison.com\/\",\"logo\":{\"@type\":\"ImageObject\",\"inLanguage\":\"en-US\",\"@id\":\"https:\/\/nonsansraison.com\/#\/schema\/logo\/image\/\",\"url\":\"https:\/\/nonsansraison.com\/wp-content\/uploads\/2021\/07\/logo-Non-Sans-Raison-porcelaine-Limoges-France.jpg\",\"contentUrl\":\"https:\/\/nonsansraison.com\/wp-content\/uploads\/2021\/07\/logo-Non-Sans-Raison-porcelaine-Limoges-France.jpg\",\"width\":500,\"height\":500,\"caption\":\"Non Sans Raison\"},\"image\":{\"@id\":\"https:\/\/nonsansraison.com\/#\/schema\/logo\/image\/\"},\"sameAs\":[\"https:\/\/www.facebook.com\/nonsansraison\",\"https:\/\/x.com\/nonsansraison\",\"https:\/\/www.instagram.com\/nonsansraison\/\",\"https:\/\/www.linkedin.com\/company\/non-sans-raison\",\"https:\/\/fr.pinterest.com\/nonsansraison\/\"]},{\"@type\":\"Person\",\"@id\":\"https:\/\/nonsansraison.com\/#\/schema\/person\/76e6c9f312332d3a496285a9a97b777b\",\"name\":\"Non Sans Raison\"}]}<\/script>\n<!-- \/ Yoast SEO plugin. -->","yoast_head_json":{"title":"Designers' Days 2013 - Non Sans Raison","description":"Non Sans Raison, cr\u00e9ateur, fabricant et \u00e9diteur d'art de la table et d'objets design de haute facture artisanale en porcelaine de Limoges commercialis\u00e9es dans le monde entier et r\u00e9alis\u00e9es \u00e0 partir de mat\u00e9riaux nobles. Vente en ligne d'art de la table moderne, assiettes, objets cadeaux design, porcelaine contemporaine et Wall Plates.","robots":{"index":"index","follow":"follow","max-snippet":"max-snippet:-1","max-image-preview":"max-image-preview:large","max-video-preview":"max-video-preview:-1"},"canonical":"https:\/\/nonsansraison.com\/designers-days-2013\/","og_locale":"en_US","og_type":"article","og_title":"Designers' Days 2013 - Non Sans Raison","og_description":"Non Sans Raison, cr\u00e9ateur, fabricant et \u00e9diteur d'art de la table et d'objets design de haute facture artisanale en porcelaine de Limoges commercialis\u00e9es dans le monde entier et r\u00e9alis\u00e9es \u00e0 partir de mat\u00e9riaux nobles. Vente en ligne d'art de la table moderne, assiettes, objets cadeaux design, porcelaine contemporaine et Wall Plates.","og_url":"https:\/\/nonsansraison.com\/designers-days-2013\/","og_site_name":"Non Sans Raison","article_publisher":"https:\/\/www.facebook.com\/nonsansraison","article_published_time":"2013-06-02T21:14:17+00:00","article_modified_time":"2017-11-29T13:32:07+00:00","og_image":[{"width":950,"height":475,"url":"https:\/\/nonsansraison.com\/wp-content\/uploads\/2015\/06\/non-sans-raison-porcelaine-de-limoges-future-perfect-designers-days-luxury-porcelain-limoges.jpg","type":"image\/jpeg"}],"author":"Non Sans Raison","twitter_card":"summary_large_image","twitter_creator":"@nonsansraison","twitter_site":"@nonsansraison","twitter_misc":{"Written by":"Non Sans Raison","Est. reading time":"2 minutes"},"schema":{"@context":"https:\/\/schema.org","@graph":[{"@type":"Article","@id":"https:\/\/nonsansraison.com\/designers-days-2013\/#article","isPartOf":{"@id":"https:\/\/nonsansraison.com\/designers-days-2013\/"},"author":{"name":"Non Sans Raison","@id":"https:\/\/nonsansraison.com\/#\/schema\/person\/76e6c9f312332d3a496285a9a97b777b"},"headline":"Designers&#8217; Days 2013","datePublished":"2013-06-02T21:14:17+00:00","dateModified":"2017-11-29T13:32:07+00:00","mainEntityOfPage":{"@id":"https:\/\/nonsansraison.com\/designers-days-2013\/"},"wordCount":343,"publisher":{"@id":"https:\/\/nonsansraison.com\/#organization"},"image":{"@id":"https:\/\/nonsansraison.com\/designers-days-2013\/#primaryimage"},"thumbnailUrl":"https:\/\/nonsansraison.com\/wp-content\/uploads\/2015\/06\/non-sans-raison-porcelaine-de-limoges-future-perfect-designers-days-luxury-porcelain-limoges.jpg","articleSection":["Non classifi\u00e9(e)"],"inLanguage":"en-US"},{"@type":"WebPage","@id":"https:\/\/nonsansraison.com\/designers-days-2013\/","url":"https:\/\/nonsansraison.com\/designers-days-2013\/","name":"Designers' Days 2013 - Non Sans Raison","isPartOf":{"@id":"https:\/\/nonsansraison.com\/#website"},"primaryImageOfPage":{"@id":"https:\/\/nonsansraison.com\/designers-days-2013\/#primaryimage"},"image":{"@id":"https:\/\/nonsansraison.com\/designers-days-2013\/#primaryimage"},"thumbnailUrl":"https:\/\/nonsansraison.com\/wp-content\/uploads\/2015\/06\/non-sans-raison-porcelaine-de-limoges-future-perfect-designers-days-luxury-porcelain-limoges.jpg","datePublished":"2013-06-02T21:14:17+00:00","dateModified":"2017-11-29T13:32:07+00:00","description":"Non Sans Raison, cr\u00e9ateur, fabricant et \u00e9diteur d'art de la table et d'objets design de haute facture artisanale en porcelaine de Limoges commercialis\u00e9es dans le monde entier et r\u00e9alis\u00e9es \u00e0 partir de mat\u00e9riaux nobles. Vente en ligne d'art de la table moderne, assiettes, objets cadeaux design, porcelaine contemporaine et Wall Plates.","breadcrumb":{"@id":"https:\/\/nonsansraison.com\/designers-days-2013\/#breadcrumb"},"inLanguage":"en-US","potentialAction":[{"@type":"ReadAction","target":["https:\/\/nonsansraison.com\/designers-days-2013\/"]}]},{"@type":"ImageObject","inLanguage":"en-US","@id":"https:\/\/nonsansraison.com\/designers-days-2013\/#primaryimage","url":"https:\/\/nonsansraison.com\/wp-content\/uploads\/2015\/06\/non-sans-raison-porcelaine-de-limoges-future-perfect-designers-days-luxury-porcelain-limoges.jpg","contentUrl":"https:\/\/nonsansraison.com\/wp-content\/uploads\/2015\/06\/non-sans-raison-porcelaine-de-limoges-future-perfect-designers-days-luxury-porcelain-limoges.jpg","width":950,"height":475},{"@type":"BreadcrumbList","@id":"https:\/\/nonsansraison.com\/designers-days-2013\/#breadcrumb","itemListElement":[{"@type":"ListItem","position":1,"name":"Accueil","item":"https:\/\/nonsansraison.com\/en\/"},{"@type":"ListItem","position":2,"name":"Designers&#8217; Days 2013"}]},{"@type":"WebSite","@id":"https:\/\/nonsansraison.com\/#website","url":"https:\/\/nonsansraison.com\/","name":"Non Sans Raison","description":"Porcelaine de Limoges","publisher":{"@id":"https:\/\/nonsansraison.com\/#organization"},"potentialAction":[{"@type":"SearchAction","target":{"@type":"EntryPoint","urlTemplate":"https:\/\/nonsansraison.com\/?s={search_term_string}"},"query-input":{"@type":"PropertyValueSpecification","valueRequired":true,"valueName":"search_term_string"}}],"inLanguage":"en-US"},{"@type":"Organization","@id":"https:\/\/nonsansraison.com\/#organization","name":"Non Sans Raison","url":"https:\/\/nonsansraison.com\/","logo":{"@type":"ImageObject","inLanguage":"en-US","@id":"https:\/\/nonsansraison.com\/#\/schema\/logo\/image\/","url":"https:\/\/nonsansraison.com\/wp-content\/uploads\/2021\/07\/logo-Non-Sans-Raison-porcelaine-Limoges-France.jpg","contentUrl":"https:\/\/nonsansraison.com\/wp-content\/uploads\/2021\/07\/logo-Non-Sans-Raison-porcelaine-Limoges-France.jpg","width":500,"height":500,"caption":"Non Sans Raison"},"image":{"@id":"https:\/\/nonsansraison.com\/#\/schema\/logo\/image\/"},"sameAs":["https:\/\/www.facebook.com\/nonsansraison","https:\/\/x.com\/nonsansraison","https:\/\/www.instagram.com\/nonsansraison\/","https:\/\/www.linkedin.com\/company\/non-sans-raison","https:\/\/fr.pinterest.com\/nonsansraison\/"]},{"@type":"Person","@id":"https:\/\/nonsansraison.com\/#\/schema\/person\/76e6c9f312332d3a496285a9a97b777b","name":"Non Sans Raison"}]}},"_links":{"self":[{"href":"https:\/\/nonsansraison.com\/en\/wp-json\/wp\/v2\/posts\/9181","targetHints":{"allow":["GET"]}}],"collection":[{"href":"https:\/\/nonsansraison.com\/en\/wp-json\/wp\/v2\/posts"}],"about":[{"href":"https:\/\/nonsansraison.com\/en\/wp-json\/wp\/v2\/types\/post"}],"author":[{"embeddable":true,"href":"https:\/\/nonsansraison.com\/en\/wp-json\/wp\/v2\/users\/1"}],"replies":[{"embeddable":true,"href":"https:\/\/nonsansraison.com\/en\/wp-json\/wp\/v2\/comments?post=9181"}],"version-history":[{"count":4,"href":"https:\/\/nonsansraison.com\/en\/wp-json\/wp\/v2\/posts\/9181\/revisions"}],"predecessor-version":[{"id":12196,"href":"https:\/\/nonsansraison.com\/en\/wp-json\/wp\/v2\/posts\/9181\/revisions\/12196"}],"wp:featuredmedia":[{"embeddable":true,"href":"https:\/\/nonsansraison.com\/en\/wp-json\/wp\/v2\/media\/10482"}],"wp:attachment":[{"href":"https:\/\/nonsansraison.com\/en\/wp-json\/wp\/v2\/media?parent=9181"}],"wp:term":[{"taxonomy":"category","embeddable":true,"href":"https:\/\/nonsansraison.com\/en\/wp-json\/wp\/v2\/categories?post=9181"},{"taxonomy":"post_tag","embeddable":true,"href":"https:\/\/nonsansraison.com\/en\/wp-json\/wp\/v2\/tags?post=9181"}],"curies":[{"name":"wp","href":"https:\/\/api.w.org\/{rel}","templated":true}]}}