{"id":9110,"date":"2012-03-15T18:52:22","date_gmt":"2012-03-15T17:52:22","guid":{"rendered":"http:\/\/www.nonsansraison.com\/WIP\/?post_type=portfolio&#038;p=2002"},"modified":"2024-05-30T12:10:16","modified_gmt":"2024-05-30T11:10:16","slug":"retour-sur-le-colette-carnaval","status":"publish","type":"post","link":"https:\/\/nonsansraison.com\/en\/retour-sur-le-colette-carnaval\/","title":{"rendered":"Retour sur le colette carnaval"},"content":{"rendered":"<p><!--:fr--><\/p>\n<p style=\"text-align: justify;\">Les 10 et 11 mars derniers au Jardin des Tuileries !!!<br \/>\nPour f\u00eater ses 15 ans, colette a cr\u00e9e un rendez-vous unique au-del\u00e0 de ses murs pour f\u00e9d\u00e9rer ses amis, clients et afficionados autour d\u2019une f\u00eate diurne aux multiples activit\u00e9s, exclusivit\u00e9s et surprises ! Une kermesse g\u00e9ante pour les petits et les grands, avec des attractions in\u00e9dites ! Des cadeaux \u00e0 gagner, des jeux, des avant-premi\u00e8res, des concerts et des superstars ! Musique, mode, beaut\u00e9, design, food, sport, cin\u00e9, tout est r\u00e9uni pour un rendez-vous exceptionnel \u00e0 ne pas manquer ! Non Sans Raison \u00e9tait de la f\u00eate et avait le plaisir de vous accueillir sur son stand boutique \u00e9ph\u00e9m\u00e8re.<\/p>\n<p style=\"text-align: justify;\"><em>On last March 10 and 11 in the Tuileries Gardens !<br \/>\nTo celebrate our 15th anniversary, colette has created a special event outside of the store to unite our friends, customers and aficionados around a festive day with lots of activities, exclusives and surprises! A giant carnival for kids and adults, with never-before-seen attractions ! Gifts to win, games, previews, concerts and superstars ! Music, fashion, beauty, design, food, sports, cinema, it will be the most exceptional event not to be missed ! Non Sans Raison was one of the party and was pleased to receive you on its pop-up shop stand.<\/em><\/p>\n\n<p style=\"text-align: justify;\">REPORTS VID\u00c9OS &amp; PHOTOS :<\/p>\n<p>https:\/\/youtu.be\/lzKPHO44Jzw<br \/>\n<a href=\"http:\/\/vimeo.com\/38430797\">http:\/\/vimeo.com\/38430797<\/a><br \/>\n<a href=\"https:\/\/saywho.fr\/\">https:\/\/saywho.fr\/<\/a><\/p>\n<p>http:\/\/vimeo.com\/38492114 \u2013 <\/p>\n<p>http:\/\/www.tendaysinparis.com<\/p>\n<p><a href=\"http:\/\/www.puretrend.com\/rubrique\/actualites_r11\/bon-anniversaire-colette_a63327\/1\">http:\/\/www.puretrend.com\/rubrique\/actualites_r11\/bon-anniversaire-colette_a63327\/1<\/a><\/p>\n<p>http:\/\/www.elle.fr\/Mode\/Mode-street-style\/Street-Style-defile-de-looks-au-Carnaval-de-Colette<br \/>\nhttp:\/\/www.cartonmagazine.com\/savoir-vivre\/savoir-vivre-reportages\/3416\/colette-fait-son-carnaval\/<br \/>\n<a href=\"http:\/\/www.flickr.com\/photos\/tattydevine\/sets\/72157629575794141\/\">http:\/\/www.flickr.com\/photos\/tattydevine\/sets\/72157629575794141\/<\/a><\/p>\n<p><!--:--><!--:en--><\/p>\n<p><!--:--><\/p>\n","protected":false},"excerpt":{"rendered":"<p>Les 10 et 11 mars derniers au Jardin des Tuileries !!! Pour f\u00eater ses 15 ans, colette a cr\u00e9e un rendez-vous unique au-del\u00e0 de ses murs pour f\u00e9d\u00e9rer ses amis, clients et afficionados autour d\u2019une f\u00eate diurne aux multiples activit\u00e9s, exclusivit\u00e9s et surprises ! Une kermesse g\u00e9ante pour les petits et les grands, avec des attractions in\u00e9dites ! Des cadeaux [&hellip;]<\/p>\n","protected":false},"author":1,"featured_media":10732,"comment_status":"closed","ping_status":"closed","sticky":false,"template":"","format":"standard","meta":{"footnotes":"","_links_to":"","_links_to_target":""},"categories":[197],"tags":[],"class_list":["post-9110","post","type-post","status-publish","format-standard","has-post-thumbnail","hentry","category-non-classifiee"],"yoast_head":"<!-- This site is optimized with the Yoast SEO plugin v27.1.1 - https:\/\/yoast.com\/product\/yoast-seo-wordpress\/ -->\n<title>Retour sur le colette carnaval - Non Sans Raison<\/title>\n<meta name=\"description\" content=\"Non Sans Raison, cr\u00e9ateur, fabricant et \u00e9diteur d&#039;art de la table et d&#039;objets design de haute facture artisanale en porcelaine de Limoges commercialis\u00e9es dans le monde entier et r\u00e9alis\u00e9es \u00e0 partir de mat\u00e9riaux nobles. Vente en ligne d&#039;art de la table moderne, assiettes, objets cadeaux design, porcelaine contemporaine et Wall Plates.\" \/>\n<meta name=\"robots\" content=\"index, follow, max-snippet:-1, max-image-preview:large, max-video-preview:-1\" \/>\n<link rel=\"canonical\" href=\"https:\/\/nonsansraison.com\/retour-sur-le-colette-carnaval\/\" \/>\n<meta property=\"og:locale\" content=\"en_US\" \/>\n<meta property=\"og:type\" content=\"article\" \/>\n<meta property=\"og:title\" content=\"Retour sur le colette carnaval - Non Sans Raison\" \/>\n<meta property=\"og:description\" content=\"Non Sans Raison, cr\u00e9ateur, fabricant et \u00e9diteur d&#039;art de la table et d&#039;objets design de haute facture artisanale en porcelaine de Limoges commercialis\u00e9es dans le monde entier et r\u00e9alis\u00e9es \u00e0 partir de mat\u00e9riaux nobles. Vente en ligne d&#039;art de la table moderne, assiettes, objets cadeaux design, porcelaine contemporaine et Wall Plates.\" \/>\n<meta property=\"og:url\" content=\"https:\/\/nonsansraison.com\/retour-sur-le-colette-carnaval\/\" \/>\n<meta property=\"og:site_name\" content=\"Non Sans Raison\" \/>\n<meta property=\"article:publisher\" content=\"https:\/\/www.facebook.com\/nonsansraison\" \/>\n<meta property=\"article:published_time\" content=\"2012-03-15T17:52:22+00:00\" \/>\n<meta property=\"article:modified_time\" content=\"2024-05-30T11:10:16+00:00\" \/>\n<meta property=\"og:image\" content=\"https:\/\/nonsansraison.com\/wp-content\/uploads\/2012\/03\/non-sans-raison-colette-carnaval-paris-porcelaine-limoges-ceramics.jpg\" \/>\n\t<meta property=\"og:image:width\" content=\"527\" \/>\n\t<meta property=\"og:image:height\" content=\"733\" \/>\n\t<meta property=\"og:image:type\" content=\"image\/jpeg\" \/>\n<meta name=\"author\" content=\"Non Sans Raison\" \/>\n<meta name=\"twitter:card\" content=\"summary_large_image\" \/>\n<meta name=\"twitter:creator\" content=\"@nonsansraison\" \/>\n<meta name=\"twitter:site\" content=\"@nonsansraison\" \/>\n<meta name=\"twitter:label1\" content=\"Written by\" \/>\n\t<meta name=\"twitter:data1\" content=\"Non Sans Raison\" \/>\n\t<meta name=\"twitter:label2\" content=\"Est. reading time\" \/>\n\t<meta name=\"twitter:data2\" content=\"1 minute\" \/>\n<script type=\"application\/ld+json\" class=\"yoast-schema-graph\">{\"@context\":\"https:\/\/schema.org\",\"@graph\":[{\"@type\":\"Article\",\"@id\":\"https:\/\/nonsansraison.com\/retour-sur-le-colette-carnaval\/#article\",\"isPartOf\":{\"@id\":\"https:\/\/nonsansraison.com\/retour-sur-le-colette-carnaval\/\"},\"author\":{\"name\":\"Non Sans Raison\",\"@id\":\"https:\/\/nonsansraison.com\/#\/schema\/person\/76e6c9f312332d3a496285a9a97b777b\"},\"headline\":\"Retour sur le colette carnaval\",\"datePublished\":\"2012-03-15T17:52:22+00:00\",\"dateModified\":\"2024-05-30T11:10:16+00:00\",\"mainEntityOfPage\":{\"@id\":\"https:\/\/nonsansraison.com\/retour-sur-le-colette-carnaval\/\"},\"wordCount\":275,\"publisher\":{\"@id\":\"https:\/\/nonsansraison.com\/#organization\"},\"image\":{\"@id\":\"https:\/\/nonsansraison.com\/retour-sur-le-colette-carnaval\/#primaryimage\"},\"thumbnailUrl\":\"https:\/\/nonsansraison.com\/wp-content\/uploads\/2012\/03\/non-sans-raison-colette-carnaval-paris-porcelaine-limoges-ceramics.jpg\",\"articleSection\":[\"Non classifi\u00e9(e)\"],\"inLanguage\":\"en-US\"},{\"@type\":\"WebPage\",\"@id\":\"https:\/\/nonsansraison.com\/retour-sur-le-colette-carnaval\/\",\"url\":\"https:\/\/nonsansraison.com\/retour-sur-le-colette-carnaval\/\",\"name\":\"Retour sur le colette carnaval - Non Sans Raison\",\"isPartOf\":{\"@id\":\"https:\/\/nonsansraison.com\/#website\"},\"primaryImageOfPage\":{\"@id\":\"https:\/\/nonsansraison.com\/retour-sur-le-colette-carnaval\/#primaryimage\"},\"image\":{\"@id\":\"https:\/\/nonsansraison.com\/retour-sur-le-colette-carnaval\/#primaryimage\"},\"thumbnailUrl\":\"https:\/\/nonsansraison.com\/wp-content\/uploads\/2012\/03\/non-sans-raison-colette-carnaval-paris-porcelaine-limoges-ceramics.jpg\",\"datePublished\":\"2012-03-15T17:52:22+00:00\",\"dateModified\":\"2024-05-30T11:10:16+00:00\",\"description\":\"Non Sans Raison, cr\u00e9ateur, fabricant et \u00e9diteur d'art de la table et d'objets design de haute facture artisanale en porcelaine de Limoges commercialis\u00e9es dans le monde entier et r\u00e9alis\u00e9es \u00e0 partir de mat\u00e9riaux nobles. Vente en ligne d'art de la table moderne, assiettes, objets cadeaux design, porcelaine contemporaine et Wall Plates.\",\"breadcrumb\":{\"@id\":\"https:\/\/nonsansraison.com\/retour-sur-le-colette-carnaval\/#breadcrumb\"},\"inLanguage\":\"en-US\",\"potentialAction\":[{\"@type\":\"ReadAction\",\"target\":[\"https:\/\/nonsansraison.com\/retour-sur-le-colette-carnaval\/\"]}]},{\"@type\":\"ImageObject\",\"inLanguage\":\"en-US\",\"@id\":\"https:\/\/nonsansraison.com\/retour-sur-le-colette-carnaval\/#primaryimage\",\"url\":\"https:\/\/nonsansraison.com\/wp-content\/uploads\/2012\/03\/non-sans-raison-colette-carnaval-paris-porcelaine-limoges-ceramics.jpg\",\"contentUrl\":\"https:\/\/nonsansraison.com\/wp-content\/uploads\/2012\/03\/non-sans-raison-colette-carnaval-paris-porcelaine-limoges-ceramics.jpg\",\"width\":527,\"height\":733,\"caption\":\"Non Sans Raison porcelaine de Limoges ceramics made in France\"},{\"@type\":\"BreadcrumbList\",\"@id\":\"https:\/\/nonsansraison.com\/retour-sur-le-colette-carnaval\/#breadcrumb\",\"itemListElement\":[{\"@type\":\"ListItem\",\"position\":1,\"name\":\"Accueil\",\"item\":\"https:\/\/nonsansraison.com\/en\/\"},{\"@type\":\"ListItem\",\"position\":2,\"name\":\"Retour sur le colette carnaval\"}]},{\"@type\":\"WebSite\",\"@id\":\"https:\/\/nonsansraison.com\/#website\",\"url\":\"https:\/\/nonsansraison.com\/\",\"name\":\"Non Sans Raison\",\"description\":\"Porcelaine de Limoges\",\"publisher\":{\"@id\":\"https:\/\/nonsansraison.com\/#organization\"},\"potentialAction\":[{\"@type\":\"SearchAction\",\"target\":{\"@type\":\"EntryPoint\",\"urlTemplate\":\"https:\/\/nonsansraison.com\/?s={search_term_string}\"},\"query-input\":{\"@type\":\"PropertyValueSpecification\",\"valueRequired\":true,\"valueName\":\"search_term_string\"}}],\"inLanguage\":\"en-US\"},{\"@type\":\"Organization\",\"@id\":\"https:\/\/nonsansraison.com\/#organization\",\"name\":\"Non Sans Raison\",\"url\":\"https:\/\/nonsansraison.com\/\",\"logo\":{\"@type\":\"ImageObject\",\"inLanguage\":\"en-US\",\"@id\":\"https:\/\/nonsansraison.com\/#\/schema\/logo\/image\/\",\"url\":\"https:\/\/nonsansraison.com\/wp-content\/uploads\/2021\/07\/logo-Non-Sans-Raison-porcelaine-Limoges-France.jpg\",\"contentUrl\":\"https:\/\/nonsansraison.com\/wp-content\/uploads\/2021\/07\/logo-Non-Sans-Raison-porcelaine-Limoges-France.jpg\",\"width\":500,\"height\":500,\"caption\":\"Non Sans Raison\"},\"image\":{\"@id\":\"https:\/\/nonsansraison.com\/#\/schema\/logo\/image\/\"},\"sameAs\":[\"https:\/\/www.facebook.com\/nonsansraison\",\"https:\/\/x.com\/nonsansraison\",\"https:\/\/www.instagram.com\/nonsansraison\/\",\"https:\/\/www.linkedin.com\/company\/non-sans-raison\",\"https:\/\/fr.pinterest.com\/nonsansraison\/\"]},{\"@type\":\"Person\",\"@id\":\"https:\/\/nonsansraison.com\/#\/schema\/person\/76e6c9f312332d3a496285a9a97b777b\",\"name\":\"Non Sans Raison\"}]}<\/script>\n<!-- \/ Yoast SEO plugin. -->","yoast_head_json":{"title":"Retour sur le colette carnaval - Non Sans Raison","description":"Non Sans Raison, cr\u00e9ateur, fabricant et \u00e9diteur d'art de la table et d'objets design de haute facture artisanale en porcelaine de Limoges commercialis\u00e9es dans le monde entier et r\u00e9alis\u00e9es \u00e0 partir de mat\u00e9riaux nobles. Vente en ligne d'art de la table moderne, assiettes, objets cadeaux design, porcelaine contemporaine et Wall Plates.","robots":{"index":"index","follow":"follow","max-snippet":"max-snippet:-1","max-image-preview":"max-image-preview:large","max-video-preview":"max-video-preview:-1"},"canonical":"https:\/\/nonsansraison.com\/retour-sur-le-colette-carnaval\/","og_locale":"en_US","og_type":"article","og_title":"Retour sur le colette carnaval - Non Sans Raison","og_description":"Non Sans Raison, cr\u00e9ateur, fabricant et \u00e9diteur d'art de la table et d'objets design de haute facture artisanale en porcelaine de Limoges commercialis\u00e9es dans le monde entier et r\u00e9alis\u00e9es \u00e0 partir de mat\u00e9riaux nobles. Vente en ligne d'art de la table moderne, assiettes, objets cadeaux design, porcelaine contemporaine et Wall Plates.","og_url":"https:\/\/nonsansraison.com\/retour-sur-le-colette-carnaval\/","og_site_name":"Non Sans Raison","article_publisher":"https:\/\/www.facebook.com\/nonsansraison","article_published_time":"2012-03-15T17:52:22+00:00","article_modified_time":"2024-05-30T11:10:16+00:00","og_image":[{"width":527,"height":733,"url":"https:\/\/nonsansraison.com\/wp-content\/uploads\/2012\/03\/non-sans-raison-colette-carnaval-paris-porcelaine-limoges-ceramics.jpg","type":"image\/jpeg"}],"author":"Non Sans Raison","twitter_card":"summary_large_image","twitter_creator":"@nonsansraison","twitter_site":"@nonsansraison","twitter_misc":{"Written by":"Non Sans Raison","Est. reading time":"1 minute"},"schema":{"@context":"https:\/\/schema.org","@graph":[{"@type":"Article","@id":"https:\/\/nonsansraison.com\/retour-sur-le-colette-carnaval\/#article","isPartOf":{"@id":"https:\/\/nonsansraison.com\/retour-sur-le-colette-carnaval\/"},"author":{"name":"Non Sans Raison","@id":"https:\/\/nonsansraison.com\/#\/schema\/person\/76e6c9f312332d3a496285a9a97b777b"},"headline":"Retour sur le colette carnaval","datePublished":"2012-03-15T17:52:22+00:00","dateModified":"2024-05-30T11:10:16+00:00","mainEntityOfPage":{"@id":"https:\/\/nonsansraison.com\/retour-sur-le-colette-carnaval\/"},"wordCount":275,"publisher":{"@id":"https:\/\/nonsansraison.com\/#organization"},"image":{"@id":"https:\/\/nonsansraison.com\/retour-sur-le-colette-carnaval\/#primaryimage"},"thumbnailUrl":"https:\/\/nonsansraison.com\/wp-content\/uploads\/2012\/03\/non-sans-raison-colette-carnaval-paris-porcelaine-limoges-ceramics.jpg","articleSection":["Non classifi\u00e9(e)"],"inLanguage":"en-US"},{"@type":"WebPage","@id":"https:\/\/nonsansraison.com\/retour-sur-le-colette-carnaval\/","url":"https:\/\/nonsansraison.com\/retour-sur-le-colette-carnaval\/","name":"Retour sur le colette carnaval - Non Sans Raison","isPartOf":{"@id":"https:\/\/nonsansraison.com\/#website"},"primaryImageOfPage":{"@id":"https:\/\/nonsansraison.com\/retour-sur-le-colette-carnaval\/#primaryimage"},"image":{"@id":"https:\/\/nonsansraison.com\/retour-sur-le-colette-carnaval\/#primaryimage"},"thumbnailUrl":"https:\/\/nonsansraison.com\/wp-content\/uploads\/2012\/03\/non-sans-raison-colette-carnaval-paris-porcelaine-limoges-ceramics.jpg","datePublished":"2012-03-15T17:52:22+00:00","dateModified":"2024-05-30T11:10:16+00:00","description":"Non Sans Raison, cr\u00e9ateur, fabricant et \u00e9diteur d'art de la table et d'objets design de haute facture artisanale en porcelaine de Limoges commercialis\u00e9es dans le monde entier et r\u00e9alis\u00e9es \u00e0 partir de mat\u00e9riaux nobles. Vente en ligne d'art de la table moderne, assiettes, objets cadeaux design, porcelaine contemporaine et Wall Plates.","breadcrumb":{"@id":"https:\/\/nonsansraison.com\/retour-sur-le-colette-carnaval\/#breadcrumb"},"inLanguage":"en-US","potentialAction":[{"@type":"ReadAction","target":["https:\/\/nonsansraison.com\/retour-sur-le-colette-carnaval\/"]}]},{"@type":"ImageObject","inLanguage":"en-US","@id":"https:\/\/nonsansraison.com\/retour-sur-le-colette-carnaval\/#primaryimage","url":"https:\/\/nonsansraison.com\/wp-content\/uploads\/2012\/03\/non-sans-raison-colette-carnaval-paris-porcelaine-limoges-ceramics.jpg","contentUrl":"https:\/\/nonsansraison.com\/wp-content\/uploads\/2012\/03\/non-sans-raison-colette-carnaval-paris-porcelaine-limoges-ceramics.jpg","width":527,"height":733,"caption":"Non Sans Raison porcelaine de Limoges ceramics made in France"},{"@type":"BreadcrumbList","@id":"https:\/\/nonsansraison.com\/retour-sur-le-colette-carnaval\/#breadcrumb","itemListElement":[{"@type":"ListItem","position":1,"name":"Accueil","item":"https:\/\/nonsansraison.com\/en\/"},{"@type":"ListItem","position":2,"name":"Retour sur le colette carnaval"}]},{"@type":"WebSite","@id":"https:\/\/nonsansraison.com\/#website","url":"https:\/\/nonsansraison.com\/","name":"Non Sans Raison","description":"Porcelaine de Limoges","publisher":{"@id":"https:\/\/nonsansraison.com\/#organization"},"potentialAction":[{"@type":"SearchAction","target":{"@type":"EntryPoint","urlTemplate":"https:\/\/nonsansraison.com\/?s={search_term_string}"},"query-input":{"@type":"PropertyValueSpecification","valueRequired":true,"valueName":"search_term_string"}}],"inLanguage":"en-US"},{"@type":"Organization","@id":"https:\/\/nonsansraison.com\/#organization","name":"Non Sans Raison","url":"https:\/\/nonsansraison.com\/","logo":{"@type":"ImageObject","inLanguage":"en-US","@id":"https:\/\/nonsansraison.com\/#\/schema\/logo\/image\/","url":"https:\/\/nonsansraison.com\/wp-content\/uploads\/2021\/07\/logo-Non-Sans-Raison-porcelaine-Limoges-France.jpg","contentUrl":"https:\/\/nonsansraison.com\/wp-content\/uploads\/2021\/07\/logo-Non-Sans-Raison-porcelaine-Limoges-France.jpg","width":500,"height":500,"caption":"Non Sans Raison"},"image":{"@id":"https:\/\/nonsansraison.com\/#\/schema\/logo\/image\/"},"sameAs":["https:\/\/www.facebook.com\/nonsansraison","https:\/\/x.com\/nonsansraison","https:\/\/www.instagram.com\/nonsansraison\/","https:\/\/www.linkedin.com\/company\/non-sans-raison","https:\/\/fr.pinterest.com\/nonsansraison\/"]},{"@type":"Person","@id":"https:\/\/nonsansraison.com\/#\/schema\/person\/76e6c9f312332d3a496285a9a97b777b","name":"Non Sans Raison"}]}},"_links":{"self":[{"href":"https:\/\/nonsansraison.com\/en\/wp-json\/wp\/v2\/posts\/9110","targetHints":{"allow":["GET"]}}],"collection":[{"href":"https:\/\/nonsansraison.com\/en\/wp-json\/wp\/v2\/posts"}],"about":[{"href":"https:\/\/nonsansraison.com\/en\/wp-json\/wp\/v2\/types\/post"}],"author":[{"embeddable":true,"href":"https:\/\/nonsansraison.com\/en\/wp-json\/wp\/v2\/users\/1"}],"replies":[{"embeddable":true,"href":"https:\/\/nonsansraison.com\/en\/wp-json\/wp\/v2\/comments?post=9110"}],"version-history":[{"count":26,"href":"https:\/\/nonsansraison.com\/en\/wp-json\/wp\/v2\/posts\/9110\/revisions"}],"predecessor-version":[{"id":17304,"href":"https:\/\/nonsansraison.com\/en\/wp-json\/wp\/v2\/posts\/9110\/revisions\/17304"}],"wp:featuredmedia":[{"embeddable":true,"href":"https:\/\/nonsansraison.com\/en\/wp-json\/wp\/v2\/media\/10732"}],"wp:attachment":[{"href":"https:\/\/nonsansraison.com\/en\/wp-json\/wp\/v2\/media?parent=9110"}],"wp:term":[{"taxonomy":"category","embeddable":true,"href":"https:\/\/nonsansraison.com\/en\/wp-json\/wp\/v2\/categories?post=9110"},{"taxonomy":"post_tag","embeddable":true,"href":"https:\/\/nonsansraison.com\/en\/wp-json\/wp\/v2\/tags?post=9110"}],"curies":[{"name":"wp","href":"https:\/\/api.w.org\/{rel}","templated":true}]}}