{"id":4868,"date":"2015-02-15T14:21:58","date_gmt":"2015-02-15T13:21:58","guid":{"rendered":"http:\/\/store.nonsansraison.com\/?p=4868"},"modified":"2015-04-27T14:22:35","modified_gmt":"2015-04-27T13:22:35","slug":"quand-les-chefs-pechent-mignon","status":"publish","type":"post","link":"https:\/\/nonsansraison.com\/en\/quand-les-chefs-pechent-mignon\/","title":{"rendered":"Quand les chefs p\u00eachent mignon !"},"content":{"rendered":"<p>Le lundi 16 mars 2015 , les assiettes Non Sans Raison seront le lit des p\u00e9ch\u00e9s des chefs dans le cadre de la soir\u00e9e d\u00efnatoire \u00a0\u201dQuand les chefs p\u00eachent mignon !\u201d organis\u00e9e par la fabuleuse blogueuse Rapha\u00eble Marchal d\u2019En rang d\u2019oignons.<\/p>\n<p>\u201cSans les chefs, je n\u2019aurais rien \u00e0 raconter. Cette soir\u00e9e, c\u2019est une fa\u00e7on de leur dire merci, et de les mettre en avant, au-del\u00e0 des articles, par pour leurs recettes, mais pour ce qu\u2019ils aiment. Un p\u00e9ch\u00e9 mignon, c\u2019est l\u2019enfance, la gourmandise, les \u00e9motions, \u00e7a ne se d\u00e9cide pas, et \u00e7a en dit long sur leur g\u00e9n\u00e9rosit\u00e9. Voil\u00e0 ce que, le 16 mars, ils ont \u00e0 raconter\u2026 Derri\u00e8re leurs toques muscl\u00e9es, les chefs aussi ont leurs p\u00e9ch\u00e9s mignons, ces petits plaisirs r\u00e9gressifs et inavouables pour lesquels ils craquent sans retenue. Le\u00a0<strong>lundi 16 mars<\/strong>, ils les d\u00e9voilent, et avec le sourire. Venez percer, le temps d\u2019une soir\u00e9e, au plus profond de leurs \u00e9motions qui se mangent. Loft, cuisine centrale, terrasse, funky playlist, fabulous vins, amazing champagne, photographes, chefs, surprises\u2026\u201d\u00a0Rapha\u00eble Marchal<\/p>\n<p><strong>Les chefs\u2026\u00a0<\/strong>Alessandra Montagne \/\u00a0C\u00e9dric\u00a0Grolet \/\u00a0Nicolas\u00a0Bacheyre \/\u00a0Christelle\u00a0Brua \/\u00a0Yann Brys \/\u00a0S\u00e9bastien\u00a0Serveau \/\u00a0Yannick Delpech \/\u00a0Julien Dumas \/\u00a0Anne-Sophie Pic \/ Matthieu et Pauline \/\u00a0Nicolas\u00a0Bernard\u00e9 \/\u00a0St\u00e9phane Tranchet \/\u00a0S\u00e9bastien\u00a0Bouillet \/\u00a0Jean Sulpice \/\u00a0Cyril\u00a0Lignac \/\u00a0Fabrice\u00a0Mignot \/\u00a0Nicolas\u00a0Paciello \/\u00a0Patrick\u00a0Charvet \/\u00a0Simon\u00a0Havard \/\u00a0Julien\u00a0Gaulet\u00a0\u2013 tout nu \/\u00a0Paolo\u00a0Boscaro \/\u00a0Jonathan Blot \/\u00a0R\u00e9my Escale \/\u00a0Cl\u00e9ment Leroy \/\u00a0Thibault\u00a0Sombardier \/\u00a0Jacques\u00a0G\u00e9nin \/\u00a0Akrame\u00a0Benallal \/\u00a0Alain\u00a0Passard \/\u00a0Fr\u00e9d\u00e9ric Anton \/\u00a0Bruno Turbot \/\u00a0St\u00e9phane\u00a0J\u00e9go \/\u00a0Sanchez Guillaume \/\u00a0Yann Le Gall \/\u00a0Fr\u00e9d\u00e9ric\u00a0Vardon \/\u00a0Guy\u00a0Savoy \/ Christopher Hache \/ David Toutain \/ Pierre Rigothier \/ Atsushi Tanaka<\/p>\n<p><strong>Les p\u00e9ch\u00e9s\u2026\u00a0<\/strong>Cr\u00e8me br\u00fbl\u00e9e \/\u00a0Crumble aux fruits rouges \/\u00a0Gyozas \/\u00a0Anchois au vinaigre \/\u00a0Tarte au citron \/\u00a0Pralin\u00e9 \/\u00a0Kouign-amann \/\u00a0Poisson cru et olives vertes \/\u00a0Pain, beurre et chocolat \/\u00a0Pommes grenaille confites et Poire Paulette \/\u00a0Framboise \/\u00a0Cr\u00e8me br\u00fbl\u00e9e (sans caramel) \/\u00a0Chocolat noir \/\u00a0Saucisson brioch\u00e9 \/\u00a0Eclair caramel au beurre sal\u00e9 \/\u00a0Buisson de langoustines \/\u00a0Champagne Jacques Cellos \/\u00a0Flan p\u00e2tissier \/\u00a0Rochers Suchard \/\u00a0Tellines \u00e0 l\u2019huile d\u2019olive d\u2019Alexis Munoz \/\u00a0Cr\u00e8me de semoule vanill\u00e9e aux pommes caram\u00e9lis\u00e9es \/\u00a0Saint-Jacques \/\u00a0Aranchini \/\u00a0Biscotti aux amandes au caf\u00e9 \/\u00a0Boeuf carotte \/\u00a0Cab\u00e9cous \/\u00a0Jambon Prince de Paris d\u2019Eric Ospital \/\u00a0Angel cake au citron vert \/\u00a0Chiffon cake \/\u00a0Pain grill\u00e9, beurre, sardines \/\u00a0Truite Banka, pamplemousse \/\u00a0Raffaello \/\u00a0Langues acidul\u00e9es \/\u00a0Roll cake \/\u00a0Brillat-Savarin \/Glace au th\u00e9 vert \/ Pomme Gala \/ Chocolat de Bodica \/ Betterave<\/p>\n<p>Location 80 rue des Tournelles 75003 Paris.<\/p>\n","protected":false},"excerpt":{"rendered":"<p>Le lundi 16 mars 2015 , les assiettes Non Sans Raison seront le lit des p\u00e9ch\u00e9s des chefs dans le cadre de la soir\u00e9e d\u00efnatoire \u00a0\u201dQuand les chefs p\u00eachent mignon !\u201d organis\u00e9e par la fabuleuse blogueuse Rapha\u00eble Marchal d\u2019En rang d\u2019oignons. \u201cSans les chefs, je n\u2019aurais rien \u00e0 raconter. Cette soir\u00e9e, c\u2019est une fa\u00e7on de leur dire merci, et de [&hellip;]<\/p>\n","protected":false},"author":1,"featured_media":4869,"comment_status":"closed","ping_status":"open","sticky":false,"template":"","format":"standard","meta":{"footnotes":"","_links_to":"","_links_to_target":""},"categories":[],"tags":[],"class_list":["post-4868","post","type-post","status-publish","format-standard","has-post-thumbnail","hentry"],"yoast_head":"<!-- This site is optimized with the Yoast SEO plugin v27.1.1 - https:\/\/yoast.com\/product\/yoast-seo-wordpress\/ -->\n<title>Quand les chefs p\u00eachent mignon ! - Non Sans Raison<\/title>\n<meta name=\"description\" content=\"Non Sans Raison, cr\u00e9ateur, fabricant et \u00e9diteur d&#039;art de la table et d&#039;objets design de haute facture artisanale en porcelaine de Limoges commercialis\u00e9es dans le monde entier et r\u00e9alis\u00e9es \u00e0 partir de mat\u00e9riaux nobles. Vente en ligne d&#039;art de la table moderne, assiettes, objets cadeaux design, porcelaine contemporaine et Wall Plates.\" \/>\n<meta name=\"robots\" content=\"index, follow, max-snippet:-1, max-image-preview:large, max-video-preview:-1\" \/>\n<link rel=\"canonical\" href=\"https:\/\/nonsansraison.com\/quand-les-chefs-pechent-mignon\/\" \/>\n<meta property=\"og:locale\" content=\"en_US\" \/>\n<meta property=\"og:type\" content=\"article\" \/>\n<meta property=\"og:title\" content=\"Quand les chefs p\u00eachent mignon ! - Non Sans Raison\" \/>\n<meta property=\"og:description\" content=\"Non Sans Raison, cr\u00e9ateur, fabricant et \u00e9diteur d&#039;art de la table et d&#039;objets design de haute facture artisanale en porcelaine de Limoges commercialis\u00e9es dans le monde entier et r\u00e9alis\u00e9es \u00e0 partir de mat\u00e9riaux nobles. Vente en ligne d&#039;art de la table moderne, assiettes, objets cadeaux design, porcelaine contemporaine et Wall Plates.\" \/>\n<meta property=\"og:url\" content=\"https:\/\/nonsansraison.com\/quand-les-chefs-pechent-mignon\/\" \/>\n<meta property=\"og:site_name\" content=\"Non Sans Raison\" \/>\n<meta property=\"article:publisher\" content=\"https:\/\/www.facebook.com\/nonsansraison\" \/>\n<meta property=\"article:published_time\" content=\"2015-02-15T13:21:58+00:00\" \/>\n<meta property=\"article:modified_time\" content=\"2015-04-27T13:22:35+00:00\" \/>\n<meta property=\"og:image\" content=\"https:\/\/nonsansraison.com\/wp-content\/uploads\/2015\/04\/en-rang-doingons-x-non-sans-raison-porcelaine-assiette.png\" \/>\n\t<meta property=\"og:image:width\" content=\"700\" \/>\n\t<meta property=\"og:image:height\" content=\"934\" \/>\n\t<meta property=\"og:image:type\" content=\"image\/png\" \/>\n<meta name=\"author\" content=\"Non Sans Raison\" \/>\n<meta name=\"twitter:card\" content=\"summary_large_image\" \/>\n<meta name=\"twitter:creator\" content=\"@nonsansraison\" \/>\n<meta name=\"twitter:site\" content=\"@nonsansraison\" \/>\n<meta name=\"twitter:label1\" content=\"Written by\" \/>\n\t<meta name=\"twitter:data1\" content=\"Non Sans Raison\" \/>\n\t<meta name=\"twitter:label2\" content=\"Est. reading time\" \/>\n\t<meta name=\"twitter:data2\" content=\"2 minutes\" \/>\n<script type=\"application\/ld+json\" class=\"yoast-schema-graph\">{\"@context\":\"https:\/\/schema.org\",\"@graph\":[{\"@type\":\"Article\",\"@id\":\"https:\/\/nonsansraison.com\/quand-les-chefs-pechent-mignon\/#article\",\"isPartOf\":{\"@id\":\"https:\/\/nonsansraison.com\/quand-les-chefs-pechent-mignon\/\"},\"author\":{\"name\":\"Non Sans Raison\",\"@id\":\"https:\/\/nonsansraison.com\/#\/schema\/person\/76e6c9f312332d3a496285a9a97b777b\"},\"headline\":\"Quand les chefs p\u00eachent mignon !\",\"datePublished\":\"2015-02-15T13:21:58+00:00\",\"dateModified\":\"2015-04-27T13:22:35+00:00\",\"mainEntityOfPage\":{\"@id\":\"https:\/\/nonsansraison.com\/quand-les-chefs-pechent-mignon\/\"},\"wordCount\":434,\"publisher\":{\"@id\":\"https:\/\/nonsansraison.com\/#organization\"},\"image\":{\"@id\":\"https:\/\/nonsansraison.com\/quand-les-chefs-pechent-mignon\/#primaryimage\"},\"thumbnailUrl\":\"https:\/\/nonsansraison.com\/wp-content\/uploads\/2015\/04\/en-rang-doingons-x-non-sans-raison-porcelaine-assiette.png\",\"inLanguage\":\"en-US\"},{\"@type\":\"WebPage\",\"@id\":\"https:\/\/nonsansraison.com\/quand-les-chefs-pechent-mignon\/\",\"url\":\"https:\/\/nonsansraison.com\/quand-les-chefs-pechent-mignon\/\",\"name\":\"Quand les chefs p\u00eachent mignon ! - Non Sans Raison\",\"isPartOf\":{\"@id\":\"https:\/\/nonsansraison.com\/#website\"},\"primaryImageOfPage\":{\"@id\":\"https:\/\/nonsansraison.com\/quand-les-chefs-pechent-mignon\/#primaryimage\"},\"image\":{\"@id\":\"https:\/\/nonsansraison.com\/quand-les-chefs-pechent-mignon\/#primaryimage\"},\"thumbnailUrl\":\"https:\/\/nonsansraison.com\/wp-content\/uploads\/2015\/04\/en-rang-doingons-x-non-sans-raison-porcelaine-assiette.png\",\"datePublished\":\"2015-02-15T13:21:58+00:00\",\"dateModified\":\"2015-04-27T13:22:35+00:00\",\"description\":\"Non Sans Raison, cr\u00e9ateur, fabricant et \u00e9diteur d'art de la table et d'objets design de haute facture artisanale en porcelaine de Limoges commercialis\u00e9es dans le monde entier et r\u00e9alis\u00e9es \u00e0 partir de mat\u00e9riaux nobles. Vente en ligne d'art de la table moderne, assiettes, objets cadeaux design, porcelaine contemporaine et Wall Plates.\",\"breadcrumb\":{\"@id\":\"https:\/\/nonsansraison.com\/quand-les-chefs-pechent-mignon\/#breadcrumb\"},\"inLanguage\":\"en-US\",\"potentialAction\":[{\"@type\":\"ReadAction\",\"target\":[\"https:\/\/nonsansraison.com\/quand-les-chefs-pechent-mignon\/\"]}]},{\"@type\":\"ImageObject\",\"inLanguage\":\"en-US\",\"@id\":\"https:\/\/nonsansraison.com\/quand-les-chefs-pechent-mignon\/#primaryimage\",\"url\":\"https:\/\/nonsansraison.com\/wp-content\/uploads\/2015\/04\/en-rang-doingons-x-non-sans-raison-porcelaine-assiette.png\",\"contentUrl\":\"https:\/\/nonsansraison.com\/wp-content\/uploads\/2015\/04\/en-rang-doingons-x-non-sans-raison-porcelaine-assiette.png\",\"width\":700,\"height\":934},{\"@type\":\"BreadcrumbList\",\"@id\":\"https:\/\/nonsansraison.com\/quand-les-chefs-pechent-mignon\/#breadcrumb\",\"itemListElement\":[{\"@type\":\"ListItem\",\"position\":1,\"name\":\"Accueil\",\"item\":\"https:\/\/nonsansraison.com\/en\/\"},{\"@type\":\"ListItem\",\"position\":2,\"name\":\"Quand les chefs p\u00eachent mignon !\"}]},{\"@type\":\"WebSite\",\"@id\":\"https:\/\/nonsansraison.com\/#website\",\"url\":\"https:\/\/nonsansraison.com\/\",\"name\":\"Non Sans Raison\",\"description\":\"Porcelaine de Limoges\",\"publisher\":{\"@id\":\"https:\/\/nonsansraison.com\/#organization\"},\"potentialAction\":[{\"@type\":\"SearchAction\",\"target\":{\"@type\":\"EntryPoint\",\"urlTemplate\":\"https:\/\/nonsansraison.com\/?s={search_term_string}\"},\"query-input\":{\"@type\":\"PropertyValueSpecification\",\"valueRequired\":true,\"valueName\":\"search_term_string\"}}],\"inLanguage\":\"en-US\"},{\"@type\":\"Organization\",\"@id\":\"https:\/\/nonsansraison.com\/#organization\",\"name\":\"Non Sans Raison\",\"url\":\"https:\/\/nonsansraison.com\/\",\"logo\":{\"@type\":\"ImageObject\",\"inLanguage\":\"en-US\",\"@id\":\"https:\/\/nonsansraison.com\/#\/schema\/logo\/image\/\",\"url\":\"https:\/\/nonsansraison.com\/wp-content\/uploads\/2021\/07\/logo-Non-Sans-Raison-porcelaine-Limoges-France.jpg\",\"contentUrl\":\"https:\/\/nonsansraison.com\/wp-content\/uploads\/2021\/07\/logo-Non-Sans-Raison-porcelaine-Limoges-France.jpg\",\"width\":500,\"height\":500,\"caption\":\"Non Sans Raison\"},\"image\":{\"@id\":\"https:\/\/nonsansraison.com\/#\/schema\/logo\/image\/\"},\"sameAs\":[\"https:\/\/www.facebook.com\/nonsansraison\",\"https:\/\/x.com\/nonsansraison\",\"https:\/\/www.instagram.com\/nonsansraison\/\",\"https:\/\/www.linkedin.com\/company\/non-sans-raison\",\"https:\/\/fr.pinterest.com\/nonsansraison\/\"]},{\"@type\":\"Person\",\"@id\":\"https:\/\/nonsansraison.com\/#\/schema\/person\/76e6c9f312332d3a496285a9a97b777b\",\"name\":\"Non Sans Raison\"}]}<\/script>\n<!-- \/ Yoast SEO plugin. -->","yoast_head_json":{"title":"Quand les chefs p\u00eachent mignon ! - Non Sans Raison","description":"Non Sans Raison, cr\u00e9ateur, fabricant et \u00e9diteur d'art de la table et d'objets design de haute facture artisanale en porcelaine de Limoges commercialis\u00e9es dans le monde entier et r\u00e9alis\u00e9es \u00e0 partir de mat\u00e9riaux nobles. Vente en ligne d'art de la table moderne, assiettes, objets cadeaux design, porcelaine contemporaine et Wall Plates.","robots":{"index":"index","follow":"follow","max-snippet":"max-snippet:-1","max-image-preview":"max-image-preview:large","max-video-preview":"max-video-preview:-1"},"canonical":"https:\/\/nonsansraison.com\/quand-les-chefs-pechent-mignon\/","og_locale":"en_US","og_type":"article","og_title":"Quand les chefs p\u00eachent mignon ! - Non Sans Raison","og_description":"Non Sans Raison, cr\u00e9ateur, fabricant et \u00e9diteur d'art de la table et d'objets design de haute facture artisanale en porcelaine de Limoges commercialis\u00e9es dans le monde entier et r\u00e9alis\u00e9es \u00e0 partir de mat\u00e9riaux nobles. Vente en ligne d'art de la table moderne, assiettes, objets cadeaux design, porcelaine contemporaine et Wall Plates.","og_url":"https:\/\/nonsansraison.com\/quand-les-chefs-pechent-mignon\/","og_site_name":"Non Sans Raison","article_publisher":"https:\/\/www.facebook.com\/nonsansraison","article_published_time":"2015-02-15T13:21:58+00:00","article_modified_time":"2015-04-27T13:22:35+00:00","og_image":[{"width":700,"height":934,"url":"https:\/\/nonsansraison.com\/wp-content\/uploads\/2015\/04\/en-rang-doingons-x-non-sans-raison-porcelaine-assiette.png","type":"image\/png"}],"author":"Non Sans Raison","twitter_card":"summary_large_image","twitter_creator":"@nonsansraison","twitter_site":"@nonsansraison","twitter_misc":{"Written by":"Non Sans Raison","Est. reading time":"2 minutes"},"schema":{"@context":"https:\/\/schema.org","@graph":[{"@type":"Article","@id":"https:\/\/nonsansraison.com\/quand-les-chefs-pechent-mignon\/#article","isPartOf":{"@id":"https:\/\/nonsansraison.com\/quand-les-chefs-pechent-mignon\/"},"author":{"name":"Non Sans Raison","@id":"https:\/\/nonsansraison.com\/#\/schema\/person\/76e6c9f312332d3a496285a9a97b777b"},"headline":"Quand les chefs p\u00eachent mignon !","datePublished":"2015-02-15T13:21:58+00:00","dateModified":"2015-04-27T13:22:35+00:00","mainEntityOfPage":{"@id":"https:\/\/nonsansraison.com\/quand-les-chefs-pechent-mignon\/"},"wordCount":434,"publisher":{"@id":"https:\/\/nonsansraison.com\/#organization"},"image":{"@id":"https:\/\/nonsansraison.com\/quand-les-chefs-pechent-mignon\/#primaryimage"},"thumbnailUrl":"https:\/\/nonsansraison.com\/wp-content\/uploads\/2015\/04\/en-rang-doingons-x-non-sans-raison-porcelaine-assiette.png","inLanguage":"en-US"},{"@type":"WebPage","@id":"https:\/\/nonsansraison.com\/quand-les-chefs-pechent-mignon\/","url":"https:\/\/nonsansraison.com\/quand-les-chefs-pechent-mignon\/","name":"Quand les chefs p\u00eachent mignon ! - Non Sans Raison","isPartOf":{"@id":"https:\/\/nonsansraison.com\/#website"},"primaryImageOfPage":{"@id":"https:\/\/nonsansraison.com\/quand-les-chefs-pechent-mignon\/#primaryimage"},"image":{"@id":"https:\/\/nonsansraison.com\/quand-les-chefs-pechent-mignon\/#primaryimage"},"thumbnailUrl":"https:\/\/nonsansraison.com\/wp-content\/uploads\/2015\/04\/en-rang-doingons-x-non-sans-raison-porcelaine-assiette.png","datePublished":"2015-02-15T13:21:58+00:00","dateModified":"2015-04-27T13:22:35+00:00","description":"Non Sans Raison, cr\u00e9ateur, fabricant et \u00e9diteur d'art de la table et d'objets design de haute facture artisanale en porcelaine de Limoges commercialis\u00e9es dans le monde entier et r\u00e9alis\u00e9es \u00e0 partir de mat\u00e9riaux nobles. Vente en ligne d'art de la table moderne, assiettes, objets cadeaux design, porcelaine contemporaine et Wall Plates.","breadcrumb":{"@id":"https:\/\/nonsansraison.com\/quand-les-chefs-pechent-mignon\/#breadcrumb"},"inLanguage":"en-US","potentialAction":[{"@type":"ReadAction","target":["https:\/\/nonsansraison.com\/quand-les-chefs-pechent-mignon\/"]}]},{"@type":"ImageObject","inLanguage":"en-US","@id":"https:\/\/nonsansraison.com\/quand-les-chefs-pechent-mignon\/#primaryimage","url":"https:\/\/nonsansraison.com\/wp-content\/uploads\/2015\/04\/en-rang-doingons-x-non-sans-raison-porcelaine-assiette.png","contentUrl":"https:\/\/nonsansraison.com\/wp-content\/uploads\/2015\/04\/en-rang-doingons-x-non-sans-raison-porcelaine-assiette.png","width":700,"height":934},{"@type":"BreadcrumbList","@id":"https:\/\/nonsansraison.com\/quand-les-chefs-pechent-mignon\/#breadcrumb","itemListElement":[{"@type":"ListItem","position":1,"name":"Accueil","item":"https:\/\/nonsansraison.com\/en\/"},{"@type":"ListItem","position":2,"name":"Quand les chefs p\u00eachent mignon !"}]},{"@type":"WebSite","@id":"https:\/\/nonsansraison.com\/#website","url":"https:\/\/nonsansraison.com\/","name":"Non Sans Raison","description":"Porcelaine de Limoges","publisher":{"@id":"https:\/\/nonsansraison.com\/#organization"},"potentialAction":[{"@type":"SearchAction","target":{"@type":"EntryPoint","urlTemplate":"https:\/\/nonsansraison.com\/?s={search_term_string}"},"query-input":{"@type":"PropertyValueSpecification","valueRequired":true,"valueName":"search_term_string"}}],"inLanguage":"en-US"},{"@type":"Organization","@id":"https:\/\/nonsansraison.com\/#organization","name":"Non Sans Raison","url":"https:\/\/nonsansraison.com\/","logo":{"@type":"ImageObject","inLanguage":"en-US","@id":"https:\/\/nonsansraison.com\/#\/schema\/logo\/image\/","url":"https:\/\/nonsansraison.com\/wp-content\/uploads\/2021\/07\/logo-Non-Sans-Raison-porcelaine-Limoges-France.jpg","contentUrl":"https:\/\/nonsansraison.com\/wp-content\/uploads\/2021\/07\/logo-Non-Sans-Raison-porcelaine-Limoges-France.jpg","width":500,"height":500,"caption":"Non Sans Raison"},"image":{"@id":"https:\/\/nonsansraison.com\/#\/schema\/logo\/image\/"},"sameAs":["https:\/\/www.facebook.com\/nonsansraison","https:\/\/x.com\/nonsansraison","https:\/\/www.instagram.com\/nonsansraison\/","https:\/\/www.linkedin.com\/company\/non-sans-raison","https:\/\/fr.pinterest.com\/nonsansraison\/"]},{"@type":"Person","@id":"https:\/\/nonsansraison.com\/#\/schema\/person\/76e6c9f312332d3a496285a9a97b777b","name":"Non Sans Raison"}]}},"_links":{"self":[{"href":"https:\/\/nonsansraison.com\/en\/wp-json\/wp\/v2\/posts\/4868","targetHints":{"allow":["GET"]}}],"collection":[{"href":"https:\/\/nonsansraison.com\/en\/wp-json\/wp\/v2\/posts"}],"about":[{"href":"https:\/\/nonsansraison.com\/en\/wp-json\/wp\/v2\/types\/post"}],"author":[{"embeddable":true,"href":"https:\/\/nonsansraison.com\/en\/wp-json\/wp\/v2\/users\/1"}],"replies":[{"embeddable":true,"href":"https:\/\/nonsansraison.com\/en\/wp-json\/wp\/v2\/comments?post=4868"}],"version-history":[{"count":1,"href":"https:\/\/nonsansraison.com\/en\/wp-json\/wp\/v2\/posts\/4868\/revisions"}],"predecessor-version":[{"id":4871,"href":"https:\/\/nonsansraison.com\/en\/wp-json\/wp\/v2\/posts\/4868\/revisions\/4871"}],"wp:featuredmedia":[{"embeddable":true,"href":"https:\/\/nonsansraison.com\/en\/wp-json\/wp\/v2\/media\/4869"}],"wp:attachment":[{"href":"https:\/\/nonsansraison.com\/en\/wp-json\/wp\/v2\/media?parent=4868"}],"wp:term":[{"taxonomy":"category","embeddable":true,"href":"https:\/\/nonsansraison.com\/en\/wp-json\/wp\/v2\/categories?post=4868"},{"taxonomy":"post_tag","embeddable":true,"href":"https:\/\/nonsansraison.com\/en\/wp-json\/wp\/v2\/tags?post=4868"}],"curies":[{"name":"wp","href":"https:\/\/api.w.org\/{rel}","templated":true}]}}