{"id":4752,"date":"2015-01-20T17:36:39","date_gmt":"2015-01-20T16:36:39","guid":{"rendered":"http:\/\/store.nonsansraison.com\/?p=4752"},"modified":"2016-04-11T12:43:55","modified_gmt":"2016-04-11T11:43:55","slug":"save-the-date-maison-objet-janvier-2015-2","status":"publish","type":"post","link":"https:\/\/nonsansraison.com\/en\/save-the-date-maison-objet-janvier-2015-2\/","title":{"rendered":"SAVE THE DATE : MAISON &#038; OBJET JANVIER 2015"},"content":{"rendered":"<p class=\"centr\u00e9\">Non Sans Raison\u00a0<span class=\"bleu\">invites you to come and meet us in Paris at\u00a0<\/span><a href=\"http:\/\/www.maison-objet.com\/\">Maison &amp; Objet<\/a>,\u00a0\u00a0<span class=\"centr\u00e9 bleu\">Hall 7 Sc\u00e8nes d&#8217;int\u00e9rieur, Stand F169\u00a0<\/span><span class=\"centr\u00e9 bleu\">from 23 &#8211; 27 Jan.\u00a0<\/span><\/p>\n<p class=\"centr\u00e9\"><span class=\"centr\u00e9 bleu\">We will exhibit our work include our new collections.\u00a0<\/span><span class=\"centr\u00e9 bleu\">Location: Paris (Nord Villepinte Exhibition Center), France &#8211; Opening hours : 9.30am until 7pm\u00a0<\/span><\/p>\n<p class=\"bleu\">\n","protected":false},"excerpt":{"rendered":"<p>Non Sans Raison\u00a0invites you to come and meet us in Paris at\u00a0Maison &amp; Objet,\u00a0\u00a0Hall 7 Sc\u00e8nes d&#8217;int\u00e9rieur, Stand F169\u00a0from 23 &#8211; 27 Jan.\u00a0 We will exhibit our work include our new collections.\u00a0Location: Paris (Nord Villepinte Exhibition Center), France &#8211; Opening hours : 9.30am until 7pm\u00a0<\/p>\n","protected":false},"author":1,"featured_media":4740,"comment_status":"closed","ping_status":"open","sticky":false,"template":"","format":"standard","meta":{"footnotes":"","_links_to":"","_links_to_target":""},"categories":[],"tags":[],"class_list":["post-4752","post","type-post","status-publish","format-standard","has-post-thumbnail","hentry"],"yoast_head":"<!-- This site is optimized with the Yoast SEO plugin v27.1.1 - https:\/\/yoast.com\/product\/yoast-seo-wordpress\/ -->\n<title>SAVE THE DATE : MAISON &amp; OBJET JANVIER 2015 - Non Sans Raison<\/title>\n<meta name=\"description\" content=\"Non Sans Raison, cr\u00e9ateur, fabricant et \u00e9diteur d&#039;art de la table et d&#039;objets design de haute facture artisanale en porcelaine de Limoges commercialis\u00e9es dans le monde entier et r\u00e9alis\u00e9es \u00e0 partir de mat\u00e9riaux nobles. Vente en ligne d&#039;art de la table moderne, assiettes, objets cadeaux design, porcelaine contemporaine et Wall Plates.\" \/>\n<meta name=\"robots\" content=\"index, follow, max-snippet:-1, max-image-preview:large, max-video-preview:-1\" \/>\n<link rel=\"canonical\" href=\"https:\/\/nonsansraison.com\/en\/save-the-date-maison-objet-janvier-2015-2\/\" \/>\n<meta property=\"og:locale\" content=\"en_US\" \/>\n<meta property=\"og:type\" content=\"article\" \/>\n<meta property=\"og:title\" content=\"SAVE THE DATE : MAISON &amp; OBJET JANVIER 2015 - Non Sans Raison\" \/>\n<meta property=\"og:description\" content=\"Non Sans Raison, cr\u00e9ateur, fabricant et \u00e9diteur d&#039;art de la table et d&#039;objets design de haute facture artisanale en porcelaine de Limoges commercialis\u00e9es dans le monde entier et r\u00e9alis\u00e9es \u00e0 partir de mat\u00e9riaux nobles. Vente en ligne d&#039;art de la table moderne, assiettes, objets cadeaux design, porcelaine contemporaine et Wall Plates.\" \/>\n<meta property=\"og:url\" content=\"https:\/\/nonsansraison.com\/en\/save-the-date-maison-objet-janvier-2015-2\/\" \/>\n<meta property=\"og:site_name\" content=\"Non Sans Raison\" \/>\n<meta property=\"article:publisher\" content=\"https:\/\/www.facebook.com\/nonsansraison\" \/>\n<meta property=\"article:published_time\" content=\"2015-01-20T16:36:39+00:00\" \/>\n<meta property=\"article:modified_time\" content=\"2016-04-11T11:43:55+00:00\" \/>\n<meta property=\"og:image\" content=\"https:\/\/nonsansraison.com\/wp-content\/uploads\/2015\/02\/Non-sans-raison-annoce-mo-janvier-2015-1.png\" \/>\n\t<meta property=\"og:image:width\" content=\"950\" \/>\n\t<meta property=\"og:image:height\" content=\"390\" \/>\n\t<meta property=\"og:image:type\" content=\"image\/png\" \/>\n<meta name=\"author\" content=\"Non Sans Raison\" \/>\n<meta name=\"twitter:card\" content=\"summary_large_image\" \/>\n<meta name=\"twitter:creator\" content=\"@nonsansraison\" \/>\n<meta name=\"twitter:site\" content=\"@nonsansraison\" \/>\n<meta name=\"twitter:label1\" content=\"Written by\" \/>\n\t<meta name=\"twitter:data1\" content=\"Non Sans Raison\" \/>\n<script type=\"application\/ld+json\" class=\"yoast-schema-graph\">{\"@context\":\"https:\/\/schema.org\",\"@graph\":[{\"@type\":\"Article\",\"@id\":\"https:\/\/nonsansraison.com\/en\/save-the-date-maison-objet-janvier-2015-2\/#article\",\"isPartOf\":{\"@id\":\"https:\/\/nonsansraison.com\/en\/save-the-date-maison-objet-janvier-2015-2\/\"},\"author\":{\"name\":\"Non Sans Raison\",\"@id\":\"https:\/\/nonsansraison.com\/#\/schema\/person\/76e6c9f312332d3a496285a9a97b777b\"},\"headline\":\"SAVE THE DATE : MAISON &#038; OBJET JANVIER 2015\",\"datePublished\":\"2015-01-20T16:36:39+00:00\",\"dateModified\":\"2016-04-11T11:43:55+00:00\",\"mainEntityOfPage\":{\"@id\":\"https:\/\/nonsansraison.com\/en\/save-the-date-maison-objet-janvier-2015-2\/\"},\"wordCount\":55,\"publisher\":{\"@id\":\"https:\/\/nonsansraison.com\/#organization\"},\"image\":{\"@id\":\"https:\/\/nonsansraison.com\/en\/save-the-date-maison-objet-janvier-2015-2\/#primaryimage\"},\"thumbnailUrl\":\"https:\/\/nonsansraison.com\/wp-content\/uploads\/2015\/02\/Non-sans-raison-annoce-mo-janvier-2015-1.png\",\"inLanguage\":\"en-US\"},{\"@type\":\"WebPage\",\"@id\":\"https:\/\/nonsansraison.com\/en\/save-the-date-maison-objet-janvier-2015-2\/\",\"url\":\"https:\/\/nonsansraison.com\/en\/save-the-date-maison-objet-janvier-2015-2\/\",\"name\":\"SAVE THE DATE : MAISON & OBJET JANVIER 2015 - Non Sans Raison\",\"isPartOf\":{\"@id\":\"https:\/\/nonsansraison.com\/#website\"},\"primaryImageOfPage\":{\"@id\":\"https:\/\/nonsansraison.com\/en\/save-the-date-maison-objet-janvier-2015-2\/#primaryimage\"},\"image\":{\"@id\":\"https:\/\/nonsansraison.com\/en\/save-the-date-maison-objet-janvier-2015-2\/#primaryimage\"},\"thumbnailUrl\":\"https:\/\/nonsansraison.com\/wp-content\/uploads\/2015\/02\/Non-sans-raison-annoce-mo-janvier-2015-1.png\",\"datePublished\":\"2015-01-20T16:36:39+00:00\",\"dateModified\":\"2016-04-11T11:43:55+00:00\",\"description\":\"Non Sans Raison, cr\u00e9ateur, fabricant et \u00e9diteur d'art de la table et d'objets design de haute facture artisanale en porcelaine de Limoges commercialis\u00e9es dans le monde entier et r\u00e9alis\u00e9es \u00e0 partir de mat\u00e9riaux nobles. Vente en ligne d'art de la table moderne, assiettes, objets cadeaux design, porcelaine contemporaine et Wall Plates.\",\"breadcrumb\":{\"@id\":\"https:\/\/nonsansraison.com\/en\/save-the-date-maison-objet-janvier-2015-2\/#breadcrumb\"},\"inLanguage\":\"en-US\",\"potentialAction\":[{\"@type\":\"ReadAction\",\"target\":[\"https:\/\/nonsansraison.com\/en\/save-the-date-maison-objet-janvier-2015-2\/\"]}]},{\"@type\":\"ImageObject\",\"inLanguage\":\"en-US\",\"@id\":\"https:\/\/nonsansraison.com\/en\/save-the-date-maison-objet-janvier-2015-2\/#primaryimage\",\"url\":\"https:\/\/nonsansraison.com\/wp-content\/uploads\/2015\/02\/Non-sans-raison-annoce-mo-janvier-2015-1.png\",\"contentUrl\":\"https:\/\/nonsansraison.com\/wp-content\/uploads\/2015\/02\/Non-sans-raison-annoce-mo-janvier-2015-1.png\",\"width\":950,\"height\":390},{\"@type\":\"BreadcrumbList\",\"@id\":\"https:\/\/nonsansraison.com\/en\/save-the-date-maison-objet-janvier-2015-2\/#breadcrumb\",\"itemListElement\":[{\"@type\":\"ListItem\",\"position\":1,\"name\":\"Accueil\",\"item\":\"https:\/\/nonsansraison.com\/en\/\"},{\"@type\":\"ListItem\",\"position\":2,\"name\":\"SAVE THE DATE : MAISON &#038; OBJET JANVIER 2015\"}]},{\"@type\":\"WebSite\",\"@id\":\"https:\/\/nonsansraison.com\/#website\",\"url\":\"https:\/\/nonsansraison.com\/\",\"name\":\"Non Sans Raison\",\"description\":\"Porcelaine de Limoges\",\"publisher\":{\"@id\":\"https:\/\/nonsansraison.com\/#organization\"},\"potentialAction\":[{\"@type\":\"SearchAction\",\"target\":{\"@type\":\"EntryPoint\",\"urlTemplate\":\"https:\/\/nonsansraison.com\/?s={search_term_string}\"},\"query-input\":{\"@type\":\"PropertyValueSpecification\",\"valueRequired\":true,\"valueName\":\"search_term_string\"}}],\"inLanguage\":\"en-US\"},{\"@type\":\"Organization\",\"@id\":\"https:\/\/nonsansraison.com\/#organization\",\"name\":\"Non Sans Raison\",\"url\":\"https:\/\/nonsansraison.com\/\",\"logo\":{\"@type\":\"ImageObject\",\"inLanguage\":\"en-US\",\"@id\":\"https:\/\/nonsansraison.com\/#\/schema\/logo\/image\/\",\"url\":\"https:\/\/nonsansraison.com\/wp-content\/uploads\/2021\/07\/logo-Non-Sans-Raison-porcelaine-Limoges-France.jpg\",\"contentUrl\":\"https:\/\/nonsansraison.com\/wp-content\/uploads\/2021\/07\/logo-Non-Sans-Raison-porcelaine-Limoges-France.jpg\",\"width\":500,\"height\":500,\"caption\":\"Non Sans Raison\"},\"image\":{\"@id\":\"https:\/\/nonsansraison.com\/#\/schema\/logo\/image\/\"},\"sameAs\":[\"https:\/\/www.facebook.com\/nonsansraison\",\"https:\/\/x.com\/nonsansraison\",\"https:\/\/www.instagram.com\/nonsansraison\/\",\"https:\/\/www.linkedin.com\/company\/non-sans-raison\",\"https:\/\/fr.pinterest.com\/nonsansraison\/\"]},{\"@type\":\"Person\",\"@id\":\"https:\/\/nonsansraison.com\/#\/schema\/person\/76e6c9f312332d3a496285a9a97b777b\",\"name\":\"Non Sans Raison\"}]}<\/script>\n<!-- \/ Yoast SEO plugin. -->","yoast_head_json":{"title":"SAVE THE DATE : MAISON & OBJET JANVIER 2015 - Non Sans Raison","description":"Non Sans Raison, cr\u00e9ateur, fabricant et \u00e9diteur d'art de la table et d'objets design de haute facture artisanale en porcelaine de Limoges commercialis\u00e9es dans le monde entier et r\u00e9alis\u00e9es \u00e0 partir de mat\u00e9riaux nobles. Vente en ligne d'art de la table moderne, assiettes, objets cadeaux design, porcelaine contemporaine et Wall Plates.","robots":{"index":"index","follow":"follow","max-snippet":"max-snippet:-1","max-image-preview":"max-image-preview:large","max-video-preview":"max-video-preview:-1"},"canonical":"https:\/\/nonsansraison.com\/en\/save-the-date-maison-objet-janvier-2015-2\/","og_locale":"en_US","og_type":"article","og_title":"SAVE THE DATE : MAISON & OBJET JANVIER 2015 - Non Sans Raison","og_description":"Non Sans Raison, cr\u00e9ateur, fabricant et \u00e9diteur d'art de la table et d'objets design de haute facture artisanale en porcelaine de Limoges commercialis\u00e9es dans le monde entier et r\u00e9alis\u00e9es \u00e0 partir de mat\u00e9riaux nobles. Vente en ligne d'art de la table moderne, assiettes, objets cadeaux design, porcelaine contemporaine et Wall Plates.","og_url":"https:\/\/nonsansraison.com\/en\/save-the-date-maison-objet-janvier-2015-2\/","og_site_name":"Non Sans Raison","article_publisher":"https:\/\/www.facebook.com\/nonsansraison","article_published_time":"2015-01-20T16:36:39+00:00","article_modified_time":"2016-04-11T11:43:55+00:00","og_image":[{"width":950,"height":390,"url":"https:\/\/nonsansraison.com\/wp-content\/uploads\/2015\/02\/Non-sans-raison-annoce-mo-janvier-2015-1.png","type":"image\/png"}],"author":"Non Sans Raison","twitter_card":"summary_large_image","twitter_creator":"@nonsansraison","twitter_site":"@nonsansraison","twitter_misc":{"Written by":"Non Sans Raison"},"schema":{"@context":"https:\/\/schema.org","@graph":[{"@type":"Article","@id":"https:\/\/nonsansraison.com\/en\/save-the-date-maison-objet-janvier-2015-2\/#article","isPartOf":{"@id":"https:\/\/nonsansraison.com\/en\/save-the-date-maison-objet-janvier-2015-2\/"},"author":{"name":"Non Sans Raison","@id":"https:\/\/nonsansraison.com\/#\/schema\/person\/76e6c9f312332d3a496285a9a97b777b"},"headline":"SAVE THE DATE : MAISON &#038; OBJET JANVIER 2015","datePublished":"2015-01-20T16:36:39+00:00","dateModified":"2016-04-11T11:43:55+00:00","mainEntityOfPage":{"@id":"https:\/\/nonsansraison.com\/en\/save-the-date-maison-objet-janvier-2015-2\/"},"wordCount":55,"publisher":{"@id":"https:\/\/nonsansraison.com\/#organization"},"image":{"@id":"https:\/\/nonsansraison.com\/en\/save-the-date-maison-objet-janvier-2015-2\/#primaryimage"},"thumbnailUrl":"https:\/\/nonsansraison.com\/wp-content\/uploads\/2015\/02\/Non-sans-raison-annoce-mo-janvier-2015-1.png","inLanguage":"en-US"},{"@type":"WebPage","@id":"https:\/\/nonsansraison.com\/en\/save-the-date-maison-objet-janvier-2015-2\/","url":"https:\/\/nonsansraison.com\/en\/save-the-date-maison-objet-janvier-2015-2\/","name":"SAVE THE DATE : MAISON & OBJET JANVIER 2015 - Non Sans Raison","isPartOf":{"@id":"https:\/\/nonsansraison.com\/#website"},"primaryImageOfPage":{"@id":"https:\/\/nonsansraison.com\/en\/save-the-date-maison-objet-janvier-2015-2\/#primaryimage"},"image":{"@id":"https:\/\/nonsansraison.com\/en\/save-the-date-maison-objet-janvier-2015-2\/#primaryimage"},"thumbnailUrl":"https:\/\/nonsansraison.com\/wp-content\/uploads\/2015\/02\/Non-sans-raison-annoce-mo-janvier-2015-1.png","datePublished":"2015-01-20T16:36:39+00:00","dateModified":"2016-04-11T11:43:55+00:00","description":"Non Sans Raison, cr\u00e9ateur, fabricant et \u00e9diteur d'art de la table et d'objets design de haute facture artisanale en porcelaine de Limoges commercialis\u00e9es dans le monde entier et r\u00e9alis\u00e9es \u00e0 partir de mat\u00e9riaux nobles. Vente en ligne d'art de la table moderne, assiettes, objets cadeaux design, porcelaine contemporaine et Wall Plates.","breadcrumb":{"@id":"https:\/\/nonsansraison.com\/en\/save-the-date-maison-objet-janvier-2015-2\/#breadcrumb"},"inLanguage":"en-US","potentialAction":[{"@type":"ReadAction","target":["https:\/\/nonsansraison.com\/en\/save-the-date-maison-objet-janvier-2015-2\/"]}]},{"@type":"ImageObject","inLanguage":"en-US","@id":"https:\/\/nonsansraison.com\/en\/save-the-date-maison-objet-janvier-2015-2\/#primaryimage","url":"https:\/\/nonsansraison.com\/wp-content\/uploads\/2015\/02\/Non-sans-raison-annoce-mo-janvier-2015-1.png","contentUrl":"https:\/\/nonsansraison.com\/wp-content\/uploads\/2015\/02\/Non-sans-raison-annoce-mo-janvier-2015-1.png","width":950,"height":390},{"@type":"BreadcrumbList","@id":"https:\/\/nonsansraison.com\/en\/save-the-date-maison-objet-janvier-2015-2\/#breadcrumb","itemListElement":[{"@type":"ListItem","position":1,"name":"Accueil","item":"https:\/\/nonsansraison.com\/en\/"},{"@type":"ListItem","position":2,"name":"SAVE THE DATE : MAISON &#038; OBJET JANVIER 2015"}]},{"@type":"WebSite","@id":"https:\/\/nonsansraison.com\/#website","url":"https:\/\/nonsansraison.com\/","name":"Non Sans Raison","description":"Porcelaine de Limoges","publisher":{"@id":"https:\/\/nonsansraison.com\/#organization"},"potentialAction":[{"@type":"SearchAction","target":{"@type":"EntryPoint","urlTemplate":"https:\/\/nonsansraison.com\/?s={search_term_string}"},"query-input":{"@type":"PropertyValueSpecification","valueRequired":true,"valueName":"search_term_string"}}],"inLanguage":"en-US"},{"@type":"Organization","@id":"https:\/\/nonsansraison.com\/#organization","name":"Non Sans Raison","url":"https:\/\/nonsansraison.com\/","logo":{"@type":"ImageObject","inLanguage":"en-US","@id":"https:\/\/nonsansraison.com\/#\/schema\/logo\/image\/","url":"https:\/\/nonsansraison.com\/wp-content\/uploads\/2021\/07\/logo-Non-Sans-Raison-porcelaine-Limoges-France.jpg","contentUrl":"https:\/\/nonsansraison.com\/wp-content\/uploads\/2021\/07\/logo-Non-Sans-Raison-porcelaine-Limoges-France.jpg","width":500,"height":500,"caption":"Non Sans Raison"},"image":{"@id":"https:\/\/nonsansraison.com\/#\/schema\/logo\/image\/"},"sameAs":["https:\/\/www.facebook.com\/nonsansraison","https:\/\/x.com\/nonsansraison","https:\/\/www.instagram.com\/nonsansraison\/","https:\/\/www.linkedin.com\/company\/non-sans-raison","https:\/\/fr.pinterest.com\/nonsansraison\/"]},{"@type":"Person","@id":"https:\/\/nonsansraison.com\/#\/schema\/person\/76e6c9f312332d3a496285a9a97b777b","name":"Non Sans Raison"}]}},"_links":{"self":[{"href":"https:\/\/nonsansraison.com\/en\/wp-json\/wp\/v2\/posts\/4752","targetHints":{"allow":["GET"]}}],"collection":[{"href":"https:\/\/nonsansraison.com\/en\/wp-json\/wp\/v2\/posts"}],"about":[{"href":"https:\/\/nonsansraison.com\/en\/wp-json\/wp\/v2\/types\/post"}],"author":[{"embeddable":true,"href":"https:\/\/nonsansraison.com\/en\/wp-json\/wp\/v2\/users\/1"}],"replies":[{"embeddable":true,"href":"https:\/\/nonsansraison.com\/en\/wp-json\/wp\/v2\/comments?post=4752"}],"version-history":[{"count":2,"href":"https:\/\/nonsansraison.com\/en\/wp-json\/wp\/v2\/posts\/4752\/revisions"}],"predecessor-version":[{"id":8691,"href":"https:\/\/nonsansraison.com\/en\/wp-json\/wp\/v2\/posts\/4752\/revisions\/8691"}],"wp:featuredmedia":[{"embeddable":true,"href":"https:\/\/nonsansraison.com\/en\/wp-json\/wp\/v2\/media\/4740"}],"wp:attachment":[{"href":"https:\/\/nonsansraison.com\/en\/wp-json\/wp\/v2\/media?parent=4752"}],"wp:term":[{"taxonomy":"category","embeddable":true,"href":"https:\/\/nonsansraison.com\/en\/wp-json\/wp\/v2\/categories?post=4752"},{"taxonomy":"post_tag","embeddable":true,"href":"https:\/\/nonsansraison.com\/en\/wp-json\/wp\/v2\/tags?post=4752"}],"curies":[{"name":"wp","href":"https:\/\/api.w.org\/{rel}","templated":true}]}}