{"id":19882,"date":"2025-06-03T08:57:09","date_gmt":"2025-06-03T07:57:09","guid":{"rendered":"https:\/\/nonsansraison.com\/?p=19882"},"modified":"2025-06-03T15:34:08","modified_gmt":"2025-06-03T14:34:08","slug":"save-the-date-maison-objet-septembre-2025","status":"publish","type":"post","link":"https:\/\/nonsansraison.com\/en\/save-the-date-maison-objet-septembre-2025\/","title":{"rendered":"Save the date &#8211; Maison &#038; Objet septembre 2025"},"content":{"rendered":"<h3 data-start=\"233\" data-end=\"286\">&#x1f1eb;&#x1f1f7; <strong data-start=\"242\" data-end=\"286\">Rendez-vous bi-annuel du design en France<\/strong><\/h3>\n<p data-start=\"288\" data-end=\"436\">Non Sans Raison a le plaisir de vous annoncer sa participation au <strong data-start=\"354\" data-end=\"378\">salon Maison &amp; Objet<\/strong>, du <strong data-start=\"383\" data-end=\"408\">4 au 8 septembre 2025<\/strong>, sur le <strong data-start=\"417\" data-end=\"435\">hall 5 A STUDIO SIGNATURE<\/strong>.<\/p>\n<p data-start=\"438\" data-end=\"715\">\u00c0 cette occasion, venez d\u00e9couvrir nos <strong data-start=\"476\" data-end=\"501\">nouvelles collections<\/strong> en <strong data-start=\"505\" data-end=\"524\">art de la table<\/strong>, <strong data-start=\"526\" data-end=\"559\">vaisseliers muraux d\u2019artistes<\/strong>, <strong data-start=\"561\" data-end=\"582\">\u00e9ditions limit\u00e9es<\/strong> et <strong data-start=\"586\" data-end=\"611\">objets cadeaux design<\/strong> \u2014 tous r\u00e9alis\u00e9s en <strong data-start=\"631\" data-end=\"656\">porcelaine de Limoges<\/strong>, entre savoir-faire d\u2019exception et cr\u00e9ation contemporaine.<\/p>\n<p data-start=\"717\" data-end=\"841\">&#x1f449; <strong data-start=\"720\" data-end=\"736\">Vous venez ?<\/strong><br data-start=\"736\" data-end=\"739\" \/>Toute l\u2019\u00e9quipe de <strong data-start=\"757\" data-end=\"776\">Non Sans Raison<\/strong> sera heureuse de vous accueillir dans les meilleures conditions.<\/p>\n<p data-start=\"843\" data-end=\"918\">&#x1f4e9; Pour toute information compl\u00e9mentaire, n\u2019h\u00e9sitez pas \u00e0 nous contacter.<\/p>\n<p data-start=\"922\" data-end=\"963\"><strong data-start=\"922\" data-end=\"963\">H\u00e2te de vous retrouver sur le salon !<\/strong><\/p>\n<h3 data-start=\"122\" data-end=\"165\">&#x1f1ec;&#x1f1e7; <strong data-start=\"131\" data-end=\"165\">France\u2019s Biannual Design Event<\/strong><\/h3>\n<p data-start=\"167\" data-end=\"308\">Non Sans Raison is delighted to announce its participation in <strong data-start=\"229\" data-end=\"247\">Maison &amp; Objet<\/strong>, from <strong data-start=\"254\" data-end=\"280\">September 4 to 8, 2025<\/strong>, in the <strong data-start=\"289\" data-end=\"307\">SIGNATURE STUDIO Hall 5 A<\/strong>.<\/p>\n<p data-start=\"310\" data-end=\"550\">Join us to discover our latest <strong data-start=\"341\" data-end=\"366\">tableware collections<\/strong>, <strong data-start=\"368\" data-end=\"390\">artist wall plates<\/strong>, <strong data-start=\"392\" data-end=\"412\">limited editions<\/strong>, and <strong data-start=\"418\" data-end=\"449\">design porcelain gift items<\/strong>, all crafted in <strong data-start=\"466\" data-end=\"487\">Limoges porcelain<\/strong> \u2014 where exceptional craftsmanship meets contemporary creation.<\/p>\n<p data-start=\"552\" data-end=\"659\">&#x1f449; <strong data-start=\"555\" data-end=\"577\">Will you be there?<\/strong><br data-start=\"577\" data-end=\"580\" \/>Our entire team will be pleased to welcome you in the best possible conditions.<\/p>\n<p data-start=\"661\" data-end=\"716\">&#x1f4e9; Feel free to contact us for any further information.<\/p>\n<p data-start=\"718\" data-end=\"764\"><strong data-start=\"718\" data-end=\"764\">We look forward to seeing you at the show!<\/strong><\/p>\n<hr data-start=\"766\" data-end=\"769\" \/>\n<p data-start=\"771\" data-end=\"888\" data-is-last-node=\"\" data-is-only-node=\"\">\n","protected":false},"excerpt":{"rendered":"<p>&#x1f1eb;&#x1f1f7; Rendez-vous bi-annuel du design en France Non Sans Raison a le plaisir de vous annoncer sa participation au salon Maison &amp; Objet, du 4 au 8 septembre 2025, sur le hall 5 A STUDIO SIGNATURE. \u00c0 cette occasion, venez d\u00e9couvrir nos nouvelles collections en art de la table, vaisseliers muraux d\u2019artistes, \u00e9ditions limit\u00e9es et objets cadeaux design \u2014 tous [&hellip;]<\/p>\n","protected":false},"author":1,"featured_media":19883,"comment_status":"closed","ping_status":"open","sticky":false,"template":"","format":"standard","meta":{"footnotes":"","_links_to":"","_links_to_target":""},"categories":[197],"tags":[],"class_list":["post-19882","post","type-post","status-publish","format-standard","has-post-thumbnail","hentry","category-non-classifiee"],"yoast_head":"<!-- This site is optimized with the Yoast SEO plugin v27.1.1 - https:\/\/yoast.com\/product\/yoast-seo-wordpress\/ -->\n<title>Save the date - Maison &amp; Objet septembre 2025 - Non Sans Raison<\/title>\n<meta name=\"description\" content=\"Non Sans Raison, cr\u00e9ateur, fabricant et \u00e9diteur d&#039;art de la table et d&#039;objets design de haute facture artisanale en porcelaine de Limoges commercialis\u00e9es dans le monde entier et r\u00e9alis\u00e9es \u00e0 partir de mat\u00e9riaux nobles. Vente en ligne d&#039;art de la table moderne, assiettes, objets cadeaux design, porcelaine contemporaine et Wall Plates.\" \/>\n<meta name=\"robots\" content=\"index, follow, max-snippet:-1, max-image-preview:large, max-video-preview:-1\" \/>\n<link rel=\"canonical\" href=\"https:\/\/nonsansraison.com\/save-the-date-maison-objet-septembre-2025\/\" \/>\n<meta property=\"og:locale\" content=\"en_US\" \/>\n<meta property=\"og:type\" content=\"article\" \/>\n<meta property=\"og:title\" content=\"Save the date - Maison &amp; Objet septembre 2025 - Non Sans Raison\" \/>\n<meta property=\"og:description\" content=\"Non Sans Raison, cr\u00e9ateur, fabricant et \u00e9diteur d&#039;art de la table et d&#039;objets design de haute facture artisanale en porcelaine de Limoges commercialis\u00e9es dans le monde entier et r\u00e9alis\u00e9es \u00e0 partir de mat\u00e9riaux nobles. Vente en ligne d&#039;art de la table moderne, assiettes, objets cadeaux design, porcelaine contemporaine et Wall Plates.\" \/>\n<meta property=\"og:url\" content=\"https:\/\/nonsansraison.com\/save-the-date-maison-objet-septembre-2025\/\" \/>\n<meta property=\"og:site_name\" content=\"Non Sans Raison\" \/>\n<meta property=\"article:publisher\" content=\"https:\/\/www.facebook.com\/nonsansraison\" \/>\n<meta property=\"article:published_time\" content=\"2025-06-03T07:57:09+00:00\" \/>\n<meta property=\"article:modified_time\" content=\"2025-06-03T14:34:08+00:00\" \/>\n<meta property=\"og:image\" content=\"https:\/\/nonsansraison.com\/wp-content\/uploads\/2025\/06\/Maison-Objet-MO25-NON-SANS-RAISON-PORCELAINE-scaled.jpg\" \/>\n\t<meta property=\"og:image:width\" content=\"1448\" \/>\n\t<meta property=\"og:image:height\" content=\"2048\" \/>\n\t<meta property=\"og:image:type\" content=\"image\/jpeg\" \/>\n<meta name=\"author\" content=\"Non Sans Raison\" \/>\n<meta name=\"twitter:card\" content=\"summary_large_image\" \/>\n<meta name=\"twitter:creator\" content=\"@nonsansraison\" \/>\n<meta name=\"twitter:site\" content=\"@nonsansraison\" \/>\n<meta name=\"twitter:label1\" content=\"Written by\" \/>\n\t<meta name=\"twitter:data1\" content=\"Non Sans Raison\" \/>\n\t<meta name=\"twitter:label2\" content=\"Est. reading time\" \/>\n\t<meta name=\"twitter:data2\" content=\"2 minutes\" \/>\n<script type=\"application\/ld+json\" class=\"yoast-schema-graph\">{\"@context\":\"https:\/\/schema.org\",\"@graph\":[{\"@type\":\"Article\",\"@id\":\"https:\/\/nonsansraison.com\/save-the-date-maison-objet-septembre-2025\/#article\",\"isPartOf\":{\"@id\":\"https:\/\/nonsansraison.com\/save-the-date-maison-objet-septembre-2025\/\"},\"author\":{\"name\":\"Non Sans Raison\",\"@id\":\"https:\/\/nonsansraison.com\/#\/schema\/person\/76e6c9f312332d3a496285a9a97b777b\"},\"headline\":\"Save the date &#8211; Maison &#038; Objet septembre 2025\",\"datePublished\":\"2025-06-03T07:57:09+00:00\",\"dateModified\":\"2025-06-03T14:34:08+00:00\",\"mainEntityOfPage\":{\"@id\":\"https:\/\/nonsansraison.com\/save-the-date-maison-objet-septembre-2025\/\"},\"wordCount\":229,\"publisher\":{\"@id\":\"https:\/\/nonsansraison.com\/#organization\"},\"image\":{\"@id\":\"https:\/\/nonsansraison.com\/save-the-date-maison-objet-septembre-2025\/#primaryimage\"},\"thumbnailUrl\":\"https:\/\/nonsansraison.com\/wp-content\/uploads\/2025\/06\/Maison-Objet-MO25-NON-SANS-RAISON-PORCELAINE-scaled.jpg\",\"articleSection\":[\"Non classifi\u00e9(e)\"],\"inLanguage\":\"en-US\"},{\"@type\":\"WebPage\",\"@id\":\"https:\/\/nonsansraison.com\/save-the-date-maison-objet-septembre-2025\/\",\"url\":\"https:\/\/nonsansraison.com\/save-the-date-maison-objet-septembre-2025\/\",\"name\":\"Save the date - Maison & Objet septembre 2025 - Non Sans Raison\",\"isPartOf\":{\"@id\":\"https:\/\/nonsansraison.com\/#website\"},\"primaryImageOfPage\":{\"@id\":\"https:\/\/nonsansraison.com\/save-the-date-maison-objet-septembre-2025\/#primaryimage\"},\"image\":{\"@id\":\"https:\/\/nonsansraison.com\/save-the-date-maison-objet-septembre-2025\/#primaryimage\"},\"thumbnailUrl\":\"https:\/\/nonsansraison.com\/wp-content\/uploads\/2025\/06\/Maison-Objet-MO25-NON-SANS-RAISON-PORCELAINE-scaled.jpg\",\"datePublished\":\"2025-06-03T07:57:09+00:00\",\"dateModified\":\"2025-06-03T14:34:08+00:00\",\"description\":\"Non Sans Raison, cr\u00e9ateur, fabricant et \u00e9diteur d'art de la table et d'objets design de haute facture artisanale en porcelaine de Limoges commercialis\u00e9es dans le monde entier et r\u00e9alis\u00e9es \u00e0 partir de mat\u00e9riaux nobles. Vente en ligne d'art de la table moderne, assiettes, objets cadeaux design, porcelaine contemporaine et Wall Plates.\",\"breadcrumb\":{\"@id\":\"https:\/\/nonsansraison.com\/save-the-date-maison-objet-septembre-2025\/#breadcrumb\"},\"inLanguage\":\"en-US\",\"potentialAction\":[{\"@type\":\"ReadAction\",\"target\":[\"https:\/\/nonsansraison.com\/save-the-date-maison-objet-septembre-2025\/\"]}]},{\"@type\":\"ImageObject\",\"inLanguage\":\"en-US\",\"@id\":\"https:\/\/nonsansraison.com\/save-the-date-maison-objet-septembre-2025\/#primaryimage\",\"url\":\"https:\/\/nonsansraison.com\/wp-content\/uploads\/2025\/06\/Maison-Objet-MO25-NON-SANS-RAISON-PORCELAINE-scaled.jpg\",\"contentUrl\":\"https:\/\/nonsansraison.com\/wp-content\/uploads\/2025\/06\/Maison-Objet-MO25-NON-SANS-RAISON-PORCELAINE-scaled.jpg\",\"width\":1448,\"height\":2048},{\"@type\":\"BreadcrumbList\",\"@id\":\"https:\/\/nonsansraison.com\/save-the-date-maison-objet-septembre-2025\/#breadcrumb\",\"itemListElement\":[{\"@type\":\"ListItem\",\"position\":1,\"name\":\"Accueil\",\"item\":\"https:\/\/nonsansraison.com\/en\/\"},{\"@type\":\"ListItem\",\"position\":2,\"name\":\"Save the date &#8211; Maison &#038; Objet septembre 2025\"}]},{\"@type\":\"WebSite\",\"@id\":\"https:\/\/nonsansraison.com\/#website\",\"url\":\"https:\/\/nonsansraison.com\/\",\"name\":\"Non Sans Raison\",\"description\":\"Porcelaine de Limoges\",\"publisher\":{\"@id\":\"https:\/\/nonsansraison.com\/#organization\"},\"potentialAction\":[{\"@type\":\"SearchAction\",\"target\":{\"@type\":\"EntryPoint\",\"urlTemplate\":\"https:\/\/nonsansraison.com\/?s={search_term_string}\"},\"query-input\":{\"@type\":\"PropertyValueSpecification\",\"valueRequired\":true,\"valueName\":\"search_term_string\"}}],\"inLanguage\":\"en-US\"},{\"@type\":\"Organization\",\"@id\":\"https:\/\/nonsansraison.com\/#organization\",\"name\":\"Non Sans Raison\",\"url\":\"https:\/\/nonsansraison.com\/\",\"logo\":{\"@type\":\"ImageObject\",\"inLanguage\":\"en-US\",\"@id\":\"https:\/\/nonsansraison.com\/#\/schema\/logo\/image\/\",\"url\":\"https:\/\/nonsansraison.com\/wp-content\/uploads\/2021\/07\/logo-Non-Sans-Raison-porcelaine-Limoges-France.jpg\",\"contentUrl\":\"https:\/\/nonsansraison.com\/wp-content\/uploads\/2021\/07\/logo-Non-Sans-Raison-porcelaine-Limoges-France.jpg\",\"width\":500,\"height\":500,\"caption\":\"Non Sans Raison\"},\"image\":{\"@id\":\"https:\/\/nonsansraison.com\/#\/schema\/logo\/image\/\"},\"sameAs\":[\"https:\/\/www.facebook.com\/nonsansraison\",\"https:\/\/x.com\/nonsansraison\",\"https:\/\/www.instagram.com\/nonsansraison\/\",\"https:\/\/www.linkedin.com\/company\/non-sans-raison\",\"https:\/\/fr.pinterest.com\/nonsansraison\/\"]},{\"@type\":\"Person\",\"@id\":\"https:\/\/nonsansraison.com\/#\/schema\/person\/76e6c9f312332d3a496285a9a97b777b\",\"name\":\"Non Sans Raison\"}]}<\/script>\n<!-- \/ Yoast SEO plugin. -->","yoast_head_json":{"title":"Save the date - Maison & Objet septembre 2025 - Non Sans Raison","description":"Non Sans Raison, cr\u00e9ateur, fabricant et \u00e9diteur d'art de la table et d'objets design de haute facture artisanale en porcelaine de Limoges commercialis\u00e9es dans le monde entier et r\u00e9alis\u00e9es \u00e0 partir de mat\u00e9riaux nobles. Vente en ligne d'art de la table moderne, assiettes, objets cadeaux design, porcelaine contemporaine et Wall Plates.","robots":{"index":"index","follow":"follow","max-snippet":"max-snippet:-1","max-image-preview":"max-image-preview:large","max-video-preview":"max-video-preview:-1"},"canonical":"https:\/\/nonsansraison.com\/save-the-date-maison-objet-septembre-2025\/","og_locale":"en_US","og_type":"article","og_title":"Save the date - Maison & Objet septembre 2025 - Non Sans Raison","og_description":"Non Sans Raison, cr\u00e9ateur, fabricant et \u00e9diteur d'art de la table et d'objets design de haute facture artisanale en porcelaine de Limoges commercialis\u00e9es dans le monde entier et r\u00e9alis\u00e9es \u00e0 partir de mat\u00e9riaux nobles. Vente en ligne d'art de la table moderne, assiettes, objets cadeaux design, porcelaine contemporaine et Wall Plates.","og_url":"https:\/\/nonsansraison.com\/save-the-date-maison-objet-septembre-2025\/","og_site_name":"Non Sans Raison","article_publisher":"https:\/\/www.facebook.com\/nonsansraison","article_published_time":"2025-06-03T07:57:09+00:00","article_modified_time":"2025-06-03T14:34:08+00:00","og_image":[{"width":1448,"height":2048,"url":"https:\/\/nonsansraison.com\/wp-content\/uploads\/2025\/06\/Maison-Objet-MO25-NON-SANS-RAISON-PORCELAINE-scaled.jpg","type":"image\/jpeg"}],"author":"Non Sans Raison","twitter_card":"summary_large_image","twitter_creator":"@nonsansraison","twitter_site":"@nonsansraison","twitter_misc":{"Written by":"Non Sans Raison","Est. reading time":"2 minutes"},"schema":{"@context":"https:\/\/schema.org","@graph":[{"@type":"Article","@id":"https:\/\/nonsansraison.com\/save-the-date-maison-objet-septembre-2025\/#article","isPartOf":{"@id":"https:\/\/nonsansraison.com\/save-the-date-maison-objet-septembre-2025\/"},"author":{"name":"Non Sans Raison","@id":"https:\/\/nonsansraison.com\/#\/schema\/person\/76e6c9f312332d3a496285a9a97b777b"},"headline":"Save the date &#8211; Maison &#038; Objet septembre 2025","datePublished":"2025-06-03T07:57:09+00:00","dateModified":"2025-06-03T14:34:08+00:00","mainEntityOfPage":{"@id":"https:\/\/nonsansraison.com\/save-the-date-maison-objet-septembre-2025\/"},"wordCount":229,"publisher":{"@id":"https:\/\/nonsansraison.com\/#organization"},"image":{"@id":"https:\/\/nonsansraison.com\/save-the-date-maison-objet-septembre-2025\/#primaryimage"},"thumbnailUrl":"https:\/\/nonsansraison.com\/wp-content\/uploads\/2025\/06\/Maison-Objet-MO25-NON-SANS-RAISON-PORCELAINE-scaled.jpg","articleSection":["Non classifi\u00e9(e)"],"inLanguage":"en-US"},{"@type":"WebPage","@id":"https:\/\/nonsansraison.com\/save-the-date-maison-objet-septembre-2025\/","url":"https:\/\/nonsansraison.com\/save-the-date-maison-objet-septembre-2025\/","name":"Save the date - Maison & Objet septembre 2025 - Non Sans Raison","isPartOf":{"@id":"https:\/\/nonsansraison.com\/#website"},"primaryImageOfPage":{"@id":"https:\/\/nonsansraison.com\/save-the-date-maison-objet-septembre-2025\/#primaryimage"},"image":{"@id":"https:\/\/nonsansraison.com\/save-the-date-maison-objet-septembre-2025\/#primaryimage"},"thumbnailUrl":"https:\/\/nonsansraison.com\/wp-content\/uploads\/2025\/06\/Maison-Objet-MO25-NON-SANS-RAISON-PORCELAINE-scaled.jpg","datePublished":"2025-06-03T07:57:09+00:00","dateModified":"2025-06-03T14:34:08+00:00","description":"Non Sans Raison, cr\u00e9ateur, fabricant et \u00e9diteur d'art de la table et d'objets design de haute facture artisanale en porcelaine de Limoges commercialis\u00e9es dans le monde entier et r\u00e9alis\u00e9es \u00e0 partir de mat\u00e9riaux nobles. Vente en ligne d'art de la table moderne, assiettes, objets cadeaux design, porcelaine contemporaine et Wall Plates.","breadcrumb":{"@id":"https:\/\/nonsansraison.com\/save-the-date-maison-objet-septembre-2025\/#breadcrumb"},"inLanguage":"en-US","potentialAction":[{"@type":"ReadAction","target":["https:\/\/nonsansraison.com\/save-the-date-maison-objet-septembre-2025\/"]}]},{"@type":"ImageObject","inLanguage":"en-US","@id":"https:\/\/nonsansraison.com\/save-the-date-maison-objet-septembre-2025\/#primaryimage","url":"https:\/\/nonsansraison.com\/wp-content\/uploads\/2025\/06\/Maison-Objet-MO25-NON-SANS-RAISON-PORCELAINE-scaled.jpg","contentUrl":"https:\/\/nonsansraison.com\/wp-content\/uploads\/2025\/06\/Maison-Objet-MO25-NON-SANS-RAISON-PORCELAINE-scaled.jpg","width":1448,"height":2048},{"@type":"BreadcrumbList","@id":"https:\/\/nonsansraison.com\/save-the-date-maison-objet-septembre-2025\/#breadcrumb","itemListElement":[{"@type":"ListItem","position":1,"name":"Accueil","item":"https:\/\/nonsansraison.com\/en\/"},{"@type":"ListItem","position":2,"name":"Save the date &#8211; Maison &#038; Objet septembre 2025"}]},{"@type":"WebSite","@id":"https:\/\/nonsansraison.com\/#website","url":"https:\/\/nonsansraison.com\/","name":"Non Sans Raison","description":"Porcelaine de Limoges","publisher":{"@id":"https:\/\/nonsansraison.com\/#organization"},"potentialAction":[{"@type":"SearchAction","target":{"@type":"EntryPoint","urlTemplate":"https:\/\/nonsansraison.com\/?s={search_term_string}"},"query-input":{"@type":"PropertyValueSpecification","valueRequired":true,"valueName":"search_term_string"}}],"inLanguage":"en-US"},{"@type":"Organization","@id":"https:\/\/nonsansraison.com\/#organization","name":"Non Sans Raison","url":"https:\/\/nonsansraison.com\/","logo":{"@type":"ImageObject","inLanguage":"en-US","@id":"https:\/\/nonsansraison.com\/#\/schema\/logo\/image\/","url":"https:\/\/nonsansraison.com\/wp-content\/uploads\/2021\/07\/logo-Non-Sans-Raison-porcelaine-Limoges-France.jpg","contentUrl":"https:\/\/nonsansraison.com\/wp-content\/uploads\/2021\/07\/logo-Non-Sans-Raison-porcelaine-Limoges-France.jpg","width":500,"height":500,"caption":"Non Sans Raison"},"image":{"@id":"https:\/\/nonsansraison.com\/#\/schema\/logo\/image\/"},"sameAs":["https:\/\/www.facebook.com\/nonsansraison","https:\/\/x.com\/nonsansraison","https:\/\/www.instagram.com\/nonsansraison\/","https:\/\/www.linkedin.com\/company\/non-sans-raison","https:\/\/fr.pinterest.com\/nonsansraison\/"]},{"@type":"Person","@id":"https:\/\/nonsansraison.com\/#\/schema\/person\/76e6c9f312332d3a496285a9a97b777b","name":"Non Sans Raison"}]}},"_links":{"self":[{"href":"https:\/\/nonsansraison.com\/en\/wp-json\/wp\/v2\/posts\/19882","targetHints":{"allow":["GET"]}}],"collection":[{"href":"https:\/\/nonsansraison.com\/en\/wp-json\/wp\/v2\/posts"}],"about":[{"href":"https:\/\/nonsansraison.com\/en\/wp-json\/wp\/v2\/types\/post"}],"author":[{"embeddable":true,"href":"https:\/\/nonsansraison.com\/en\/wp-json\/wp\/v2\/users\/1"}],"replies":[{"embeddable":true,"href":"https:\/\/nonsansraison.com\/en\/wp-json\/wp\/v2\/comments?post=19882"}],"version-history":[{"count":5,"href":"https:\/\/nonsansraison.com\/en\/wp-json\/wp\/v2\/posts\/19882\/revisions"}],"predecessor-version":[{"id":19890,"href":"https:\/\/nonsansraison.com\/en\/wp-json\/wp\/v2\/posts\/19882\/revisions\/19890"}],"wp:featuredmedia":[{"embeddable":true,"href":"https:\/\/nonsansraison.com\/en\/wp-json\/wp\/v2\/media\/19883"}],"wp:attachment":[{"href":"https:\/\/nonsansraison.com\/en\/wp-json\/wp\/v2\/media?parent=19882"}],"wp:term":[{"taxonomy":"category","embeddable":true,"href":"https:\/\/nonsansraison.com\/en\/wp-json\/wp\/v2\/categories?post=19882"},{"taxonomy":"post_tag","embeddable":true,"href":"https:\/\/nonsansraison.com\/en\/wp-json\/wp\/v2\/tags?post=19882"}],"curies":[{"name":"wp","href":"https:\/\/api.w.org\/{rel}","templated":true}]}}