{"id":17413,"date":"2025-01-10T17:41:33","date_gmt":"2025-01-10T16:41:33","guid":{"rendered":"https:\/\/nonsansraison.com\/?p=17413"},"modified":"2025-01-10T17:44:49","modified_gmt":"2025-01-10T16:44:49","slug":"ambiente-fevrier-2025","status":"publish","type":"post","link":"https:\/\/nonsansraison.com\/en\/ambiente-fevrier-2025\/","title":{"rendered":"Rencontrez nous sur Ambiente Francfort f\u00e9vrier 2025"},"content":{"rendered":"<p>Pour la troisi\u00e8me ann\u00e9e cons\u00e9cutive, nous vous donnons rendez-vous sur le salon Ambiente \u00e0 Frankfurt en Allemagne. Nous aurons le plaisir de vous recevoir \u00a0sur le hall 12.1 TABLE SELECT Stand\u00a0 B47 du 7 au 11 f\u00e9vrier 2025 pour vous pr\u00e9senter toujours plus de nouveaut\u00e9s en art de la table et vaisseliers muraux d\u2019artistes, d\u2019\u00e9ditions limit\u00e9es et d\u2019objets cadeaux design en porcelaine de Limoges.<\/p>\n<p>Vous venez ? Toute l\u2019\u00e9quipe de Non Sans Raison se tient\u00a0\u00e0 votre disposition pour vous y accueillir dans les meilleurs conditions.<\/p>\n<p>N\u2019h\u00e9sitez pas \u00e0 nous contacter pour toute information qu\u2019il viendrait \u00e0 vous manquer.<\/p>\n<p>H\u00e2te de vous accueillir sur le salon !<\/p>\n","protected":false},"excerpt":{"rendered":"<p>Pour la troisi\u00e8me ann\u00e9e cons\u00e9cutive, nous vous donnons rendez-vous sur le salon Ambiente \u00e0 Frankfurt en Allemagne. Nous aurons le plaisir de vous recevoir \u00a0sur le hall 12.1 TABLE SELECT Stand\u00a0 B47 du 7 au 11 f\u00e9vrier 2025 pour vous pr\u00e9senter toujours plus de nouveaut\u00e9s en art de la table et vaisseliers muraux d\u2019artistes, d\u2019\u00e9ditions limit\u00e9es et d\u2019objets cadeaux design [&hellip;]<\/p>\n","protected":false},"author":1,"featured_media":17414,"comment_status":"closed","ping_status":"open","sticky":false,"template":"","format":"standard","meta":{"footnotes":"","_links_to":"","_links_to_target":""},"categories":[197],"tags":[],"class_list":["post-17413","post","type-post","status-publish","format-standard","has-post-thumbnail","hentry","category-non-classifiee"],"yoast_head":"<!-- This site is optimized with the Yoast SEO plugin v27.1.1 - https:\/\/yoast.com\/product\/yoast-seo-wordpress\/ -->\n<title>Rencontrez nous sur Ambiente Francfort f\u00e9vrier 2025 - Non Sans Raison<\/title>\n<meta name=\"description\" content=\"Non Sans Raison, cr\u00e9ateur, fabricant et \u00e9diteur d&#039;art de la table et d&#039;objets design de haute facture artisanale en porcelaine de Limoges commercialis\u00e9es dans le monde entier et r\u00e9alis\u00e9es \u00e0 partir de mat\u00e9riaux nobles. Vente en ligne d&#039;art de la table moderne, assiettes, objets cadeaux design, porcelaine contemporaine et Wall Plates.\" \/>\n<meta name=\"robots\" content=\"index, follow, max-snippet:-1, max-image-preview:large, max-video-preview:-1\" \/>\n<link rel=\"canonical\" href=\"https:\/\/nonsansraison.com\/ambiente-fevrier-2025\/\" \/>\n<meta property=\"og:locale\" content=\"en_US\" \/>\n<meta property=\"og:type\" content=\"article\" \/>\n<meta property=\"og:title\" content=\"Rencontrez nous sur Ambiente Francfort f\u00e9vrier 2025 - Non Sans Raison\" \/>\n<meta property=\"og:description\" content=\"Non Sans Raison, cr\u00e9ateur, fabricant et \u00e9diteur d&#039;art de la table et d&#039;objets design de haute facture artisanale en porcelaine de Limoges commercialis\u00e9es dans le monde entier et r\u00e9alis\u00e9es \u00e0 partir de mat\u00e9riaux nobles. Vente en ligne d&#039;art de la table moderne, assiettes, objets cadeaux design, porcelaine contemporaine et Wall Plates.\" \/>\n<meta property=\"og:url\" content=\"https:\/\/nonsansraison.com\/ambiente-fevrier-2025\/\" \/>\n<meta property=\"og:site_name\" content=\"Non Sans Raison\" \/>\n<meta property=\"article:publisher\" content=\"https:\/\/www.facebook.com\/nonsansraison\" \/>\n<meta property=\"article:published_time\" content=\"2025-01-10T16:41:33+00:00\" \/>\n<meta property=\"article:modified_time\" content=\"2025-01-10T16:44:49+00:00\" \/>\n<meta property=\"og:image\" content=\"https:\/\/nonsansraison.com\/wp-content\/uploads\/2025\/01\/ambiente_2025.jpg\" \/>\n\t<meta property=\"og:image:width\" content=\"900\" \/>\n\t<meta property=\"og:image:height\" content=\"942\" \/>\n\t<meta property=\"og:image:type\" content=\"image\/jpeg\" \/>\n<meta name=\"author\" content=\"Non Sans Raison\" \/>\n<meta name=\"twitter:card\" content=\"summary_large_image\" \/>\n<meta name=\"twitter:creator\" content=\"@nonsansraison\" \/>\n<meta name=\"twitter:site\" content=\"@nonsansraison\" \/>\n<meta name=\"twitter:label1\" content=\"Written by\" \/>\n\t<meta name=\"twitter:data1\" content=\"Non Sans Raison\" \/>\n\t<meta name=\"twitter:label2\" content=\"Est. reading time\" \/>\n\t<meta name=\"twitter:data2\" content=\"1 minute\" \/>\n<script type=\"application\/ld+json\" class=\"yoast-schema-graph\">{\"@context\":\"https:\/\/schema.org\",\"@graph\":[{\"@type\":\"Article\",\"@id\":\"https:\/\/nonsansraison.com\/ambiente-fevrier-2025\/#article\",\"isPartOf\":{\"@id\":\"https:\/\/nonsansraison.com\/ambiente-fevrier-2025\/\"},\"author\":{\"name\":\"Non Sans Raison\",\"@id\":\"https:\/\/nonsansraison.com\/#\/schema\/person\/76e6c9f312332d3a496285a9a97b777b\"},\"headline\":\"Rencontrez nous sur Ambiente Francfort f\u00e9vrier 2025\",\"datePublished\":\"2025-01-10T16:41:33+00:00\",\"dateModified\":\"2025-01-10T16:44:49+00:00\",\"mainEntityOfPage\":{\"@id\":\"https:\/\/nonsansraison.com\/ambiente-fevrier-2025\/\"},\"wordCount\":119,\"publisher\":{\"@id\":\"https:\/\/nonsansraison.com\/#organization\"},\"image\":{\"@id\":\"https:\/\/nonsansraison.com\/ambiente-fevrier-2025\/#primaryimage\"},\"thumbnailUrl\":\"https:\/\/nonsansraison.com\/wp-content\/uploads\/2025\/01\/ambiente_2025.jpg\",\"articleSection\":[\"Non classifi\u00e9(e)\"],\"inLanguage\":\"en-US\"},{\"@type\":\"WebPage\",\"@id\":\"https:\/\/nonsansraison.com\/ambiente-fevrier-2025\/\",\"url\":\"https:\/\/nonsansraison.com\/ambiente-fevrier-2025\/\",\"name\":\"Rencontrez nous sur Ambiente Francfort f\u00e9vrier 2025 - Non Sans Raison\",\"isPartOf\":{\"@id\":\"https:\/\/nonsansraison.com\/#website\"},\"primaryImageOfPage\":{\"@id\":\"https:\/\/nonsansraison.com\/ambiente-fevrier-2025\/#primaryimage\"},\"image\":{\"@id\":\"https:\/\/nonsansraison.com\/ambiente-fevrier-2025\/#primaryimage\"},\"thumbnailUrl\":\"https:\/\/nonsansraison.com\/wp-content\/uploads\/2025\/01\/ambiente_2025.jpg\",\"datePublished\":\"2025-01-10T16:41:33+00:00\",\"dateModified\":\"2025-01-10T16:44:49+00:00\",\"description\":\"Non Sans Raison, cr\u00e9ateur, fabricant et \u00e9diteur d'art de la table et d'objets design de haute facture artisanale en porcelaine de Limoges commercialis\u00e9es dans le monde entier et r\u00e9alis\u00e9es \u00e0 partir de mat\u00e9riaux nobles. Vente en ligne d'art de la table moderne, assiettes, objets cadeaux design, porcelaine contemporaine et Wall Plates.\",\"breadcrumb\":{\"@id\":\"https:\/\/nonsansraison.com\/ambiente-fevrier-2025\/#breadcrumb\"},\"inLanguage\":\"en-US\",\"potentialAction\":[{\"@type\":\"ReadAction\",\"target\":[\"https:\/\/nonsansraison.com\/ambiente-fevrier-2025\/\"]}]},{\"@type\":\"ImageObject\",\"inLanguage\":\"en-US\",\"@id\":\"https:\/\/nonsansraison.com\/ambiente-fevrier-2025\/#primaryimage\",\"url\":\"https:\/\/nonsansraison.com\/wp-content\/uploads\/2025\/01\/ambiente_2025.jpg\",\"contentUrl\":\"https:\/\/nonsansraison.com\/wp-content\/uploads\/2025\/01\/ambiente_2025.jpg\",\"width\":900,\"height\":942},{\"@type\":\"BreadcrumbList\",\"@id\":\"https:\/\/nonsansraison.com\/ambiente-fevrier-2025\/#breadcrumb\",\"itemListElement\":[{\"@type\":\"ListItem\",\"position\":1,\"name\":\"Accueil\",\"item\":\"https:\/\/nonsansraison.com\/en\/\"},{\"@type\":\"ListItem\",\"position\":2,\"name\":\"Rencontrez nous sur Ambiente Francfort f\u00e9vrier 2025\"}]},{\"@type\":\"WebSite\",\"@id\":\"https:\/\/nonsansraison.com\/#website\",\"url\":\"https:\/\/nonsansraison.com\/\",\"name\":\"Non Sans Raison\",\"description\":\"Porcelaine de Limoges\",\"publisher\":{\"@id\":\"https:\/\/nonsansraison.com\/#organization\"},\"potentialAction\":[{\"@type\":\"SearchAction\",\"target\":{\"@type\":\"EntryPoint\",\"urlTemplate\":\"https:\/\/nonsansraison.com\/?s={search_term_string}\"},\"query-input\":{\"@type\":\"PropertyValueSpecification\",\"valueRequired\":true,\"valueName\":\"search_term_string\"}}],\"inLanguage\":\"en-US\"},{\"@type\":\"Organization\",\"@id\":\"https:\/\/nonsansraison.com\/#organization\",\"name\":\"Non Sans Raison\",\"url\":\"https:\/\/nonsansraison.com\/\",\"logo\":{\"@type\":\"ImageObject\",\"inLanguage\":\"en-US\",\"@id\":\"https:\/\/nonsansraison.com\/#\/schema\/logo\/image\/\",\"url\":\"https:\/\/nonsansraison.com\/wp-content\/uploads\/2021\/07\/logo-Non-Sans-Raison-porcelaine-Limoges-France.jpg\",\"contentUrl\":\"https:\/\/nonsansraison.com\/wp-content\/uploads\/2021\/07\/logo-Non-Sans-Raison-porcelaine-Limoges-France.jpg\",\"width\":500,\"height\":500,\"caption\":\"Non Sans Raison\"},\"image\":{\"@id\":\"https:\/\/nonsansraison.com\/#\/schema\/logo\/image\/\"},\"sameAs\":[\"https:\/\/www.facebook.com\/nonsansraison\",\"https:\/\/x.com\/nonsansraison\",\"https:\/\/www.instagram.com\/nonsansraison\/\",\"https:\/\/www.linkedin.com\/company\/non-sans-raison\",\"https:\/\/fr.pinterest.com\/nonsansraison\/\"]},{\"@type\":\"Person\",\"@id\":\"https:\/\/nonsansraison.com\/#\/schema\/person\/76e6c9f312332d3a496285a9a97b777b\",\"name\":\"Non Sans Raison\"}]}<\/script>\n<!-- \/ Yoast SEO plugin. -->","yoast_head_json":{"title":"Rencontrez nous sur Ambiente Francfort f\u00e9vrier 2025 - Non Sans Raison","description":"Non Sans Raison, cr\u00e9ateur, fabricant et \u00e9diteur d'art de la table et d'objets design de haute facture artisanale en porcelaine de Limoges commercialis\u00e9es dans le monde entier et r\u00e9alis\u00e9es \u00e0 partir de mat\u00e9riaux nobles. Vente en ligne d'art de la table moderne, assiettes, objets cadeaux design, porcelaine contemporaine et Wall Plates.","robots":{"index":"index","follow":"follow","max-snippet":"max-snippet:-1","max-image-preview":"max-image-preview:large","max-video-preview":"max-video-preview:-1"},"canonical":"https:\/\/nonsansraison.com\/ambiente-fevrier-2025\/","og_locale":"en_US","og_type":"article","og_title":"Rencontrez nous sur Ambiente Francfort f\u00e9vrier 2025 - Non Sans Raison","og_description":"Non Sans Raison, cr\u00e9ateur, fabricant et \u00e9diteur d'art de la table et d'objets design de haute facture artisanale en porcelaine de Limoges commercialis\u00e9es dans le monde entier et r\u00e9alis\u00e9es \u00e0 partir de mat\u00e9riaux nobles. Vente en ligne d'art de la table moderne, assiettes, objets cadeaux design, porcelaine contemporaine et Wall Plates.","og_url":"https:\/\/nonsansraison.com\/ambiente-fevrier-2025\/","og_site_name":"Non Sans Raison","article_publisher":"https:\/\/www.facebook.com\/nonsansraison","article_published_time":"2025-01-10T16:41:33+00:00","article_modified_time":"2025-01-10T16:44:49+00:00","og_image":[{"width":900,"height":942,"url":"https:\/\/nonsansraison.com\/wp-content\/uploads\/2025\/01\/ambiente_2025.jpg","type":"image\/jpeg"}],"author":"Non Sans Raison","twitter_card":"summary_large_image","twitter_creator":"@nonsansraison","twitter_site":"@nonsansraison","twitter_misc":{"Written by":"Non Sans Raison","Est. reading time":"1 minute"},"schema":{"@context":"https:\/\/schema.org","@graph":[{"@type":"Article","@id":"https:\/\/nonsansraison.com\/ambiente-fevrier-2025\/#article","isPartOf":{"@id":"https:\/\/nonsansraison.com\/ambiente-fevrier-2025\/"},"author":{"name":"Non Sans Raison","@id":"https:\/\/nonsansraison.com\/#\/schema\/person\/76e6c9f312332d3a496285a9a97b777b"},"headline":"Rencontrez nous sur Ambiente Francfort f\u00e9vrier 2025","datePublished":"2025-01-10T16:41:33+00:00","dateModified":"2025-01-10T16:44:49+00:00","mainEntityOfPage":{"@id":"https:\/\/nonsansraison.com\/ambiente-fevrier-2025\/"},"wordCount":119,"publisher":{"@id":"https:\/\/nonsansraison.com\/#organization"},"image":{"@id":"https:\/\/nonsansraison.com\/ambiente-fevrier-2025\/#primaryimage"},"thumbnailUrl":"https:\/\/nonsansraison.com\/wp-content\/uploads\/2025\/01\/ambiente_2025.jpg","articleSection":["Non classifi\u00e9(e)"],"inLanguage":"en-US"},{"@type":"WebPage","@id":"https:\/\/nonsansraison.com\/ambiente-fevrier-2025\/","url":"https:\/\/nonsansraison.com\/ambiente-fevrier-2025\/","name":"Rencontrez nous sur Ambiente Francfort f\u00e9vrier 2025 - Non Sans Raison","isPartOf":{"@id":"https:\/\/nonsansraison.com\/#website"},"primaryImageOfPage":{"@id":"https:\/\/nonsansraison.com\/ambiente-fevrier-2025\/#primaryimage"},"image":{"@id":"https:\/\/nonsansraison.com\/ambiente-fevrier-2025\/#primaryimage"},"thumbnailUrl":"https:\/\/nonsansraison.com\/wp-content\/uploads\/2025\/01\/ambiente_2025.jpg","datePublished":"2025-01-10T16:41:33+00:00","dateModified":"2025-01-10T16:44:49+00:00","description":"Non Sans Raison, cr\u00e9ateur, fabricant et \u00e9diteur d'art de la table et d'objets design de haute facture artisanale en porcelaine de Limoges commercialis\u00e9es dans le monde entier et r\u00e9alis\u00e9es \u00e0 partir de mat\u00e9riaux nobles. Vente en ligne d'art de la table moderne, assiettes, objets cadeaux design, porcelaine contemporaine et Wall Plates.","breadcrumb":{"@id":"https:\/\/nonsansraison.com\/ambiente-fevrier-2025\/#breadcrumb"},"inLanguage":"en-US","potentialAction":[{"@type":"ReadAction","target":["https:\/\/nonsansraison.com\/ambiente-fevrier-2025\/"]}]},{"@type":"ImageObject","inLanguage":"en-US","@id":"https:\/\/nonsansraison.com\/ambiente-fevrier-2025\/#primaryimage","url":"https:\/\/nonsansraison.com\/wp-content\/uploads\/2025\/01\/ambiente_2025.jpg","contentUrl":"https:\/\/nonsansraison.com\/wp-content\/uploads\/2025\/01\/ambiente_2025.jpg","width":900,"height":942},{"@type":"BreadcrumbList","@id":"https:\/\/nonsansraison.com\/ambiente-fevrier-2025\/#breadcrumb","itemListElement":[{"@type":"ListItem","position":1,"name":"Accueil","item":"https:\/\/nonsansraison.com\/en\/"},{"@type":"ListItem","position":2,"name":"Rencontrez nous sur Ambiente Francfort f\u00e9vrier 2025"}]},{"@type":"WebSite","@id":"https:\/\/nonsansraison.com\/#website","url":"https:\/\/nonsansraison.com\/","name":"Non Sans Raison","description":"Porcelaine de Limoges","publisher":{"@id":"https:\/\/nonsansraison.com\/#organization"},"potentialAction":[{"@type":"SearchAction","target":{"@type":"EntryPoint","urlTemplate":"https:\/\/nonsansraison.com\/?s={search_term_string}"},"query-input":{"@type":"PropertyValueSpecification","valueRequired":true,"valueName":"search_term_string"}}],"inLanguage":"en-US"},{"@type":"Organization","@id":"https:\/\/nonsansraison.com\/#organization","name":"Non Sans Raison","url":"https:\/\/nonsansraison.com\/","logo":{"@type":"ImageObject","inLanguage":"en-US","@id":"https:\/\/nonsansraison.com\/#\/schema\/logo\/image\/","url":"https:\/\/nonsansraison.com\/wp-content\/uploads\/2021\/07\/logo-Non-Sans-Raison-porcelaine-Limoges-France.jpg","contentUrl":"https:\/\/nonsansraison.com\/wp-content\/uploads\/2021\/07\/logo-Non-Sans-Raison-porcelaine-Limoges-France.jpg","width":500,"height":500,"caption":"Non Sans Raison"},"image":{"@id":"https:\/\/nonsansraison.com\/#\/schema\/logo\/image\/"},"sameAs":["https:\/\/www.facebook.com\/nonsansraison","https:\/\/x.com\/nonsansraison","https:\/\/www.instagram.com\/nonsansraison\/","https:\/\/www.linkedin.com\/company\/non-sans-raison","https:\/\/fr.pinterest.com\/nonsansraison\/"]},{"@type":"Person","@id":"https:\/\/nonsansraison.com\/#\/schema\/person\/76e6c9f312332d3a496285a9a97b777b","name":"Non Sans Raison"}]}},"_links":{"self":[{"href":"https:\/\/nonsansraison.com\/en\/wp-json\/wp\/v2\/posts\/17413","targetHints":{"allow":["GET"]}}],"collection":[{"href":"https:\/\/nonsansraison.com\/en\/wp-json\/wp\/v2\/posts"}],"about":[{"href":"https:\/\/nonsansraison.com\/en\/wp-json\/wp\/v2\/types\/post"}],"author":[{"embeddable":true,"href":"https:\/\/nonsansraison.com\/en\/wp-json\/wp\/v2\/users\/1"}],"replies":[{"embeddable":true,"href":"https:\/\/nonsansraison.com\/en\/wp-json\/wp\/v2\/comments?post=17413"}],"version-history":[{"count":3,"href":"https:\/\/nonsansraison.com\/en\/wp-json\/wp\/v2\/posts\/17413\/revisions"}],"predecessor-version":[{"id":17418,"href":"https:\/\/nonsansraison.com\/en\/wp-json\/wp\/v2\/posts\/17413\/revisions\/17418"}],"wp:featuredmedia":[{"embeddable":true,"href":"https:\/\/nonsansraison.com\/en\/wp-json\/wp\/v2\/media\/17414"}],"wp:attachment":[{"href":"https:\/\/nonsansraison.com\/en\/wp-json\/wp\/v2\/media?parent=17413"}],"wp:term":[{"taxonomy":"category","embeddable":true,"href":"https:\/\/nonsansraison.com\/en\/wp-json\/wp\/v2\/categories?post=17413"},{"taxonomy":"post_tag","embeddable":true,"href":"https:\/\/nonsansraison.com\/en\/wp-json\/wp\/v2\/tags?post=17413"}],"curies":[{"name":"wp","href":"https:\/\/api.w.org\/{rel}","templated":true}]}}