{"id":17182,"date":"2023-09-15T11:50:26","date_gmt":"2023-09-15T10:50:26","guid":{"rendered":"https:\/\/nonsansraison.com\/?p=17182"},"modified":"2024-01-15T12:05:31","modified_gmt":"2024-01-15T11:05:31","slug":"toques-porcelaine-septembre-2023","status":"publish","type":"post","link":"https:\/\/nonsansraison.com\/en\/toques-porcelaine-septembre-2023\/","title":{"rendered":"Visitez-nous dans le cadre de Toques &#038; Porcelaine \u00e0 Limoges en septembre 2023"},"content":{"rendered":"<p>Retrouvez-nous demain et jusqu\u2019\u00e0 dimanche \u00e0 Limoges avec le chef Jacques Chibois, pr\u00e9sident d\u2019honneur de Toques &amp; Porcelaine, aux halles (d\u00e9monstration culinaire samedi \u00e0 14h30), sur notre stand place de la r\u00e9publique tout au long de la manifestation, \u00e0 la boutique au 5 impasse d\u2019isly pour plus de sensations, \u00e0 <a class=\"x1i10hfl xjbqb8w x6umtig x1b1mbwd xaqea5y xav7gou x9f619 x1ypdohk xt0psk2 xe8uvvx xdj266r x11i5rnm xat24cr x1mh8g0r xexx8yu x4uap5 x18d9i69 xkhd6sd x16tdsg8 x1hl2dhg xggy1nq x1a2a7pz notranslate _a6hd\" tabindex=\"0\" role=\"link\" href=\"https:\/\/www.instagram.com\/ensa.limoges\/\">@ensa.limoges<\/a> (\u00c9cole Nationale Sup\u00e9rieure d\u2019Art et de Design) pour le d\u00eener de gala, au <a class=\"x1i10hfl xjbqb8w x6umtig x1b1mbwd xaqea5y xav7gou x9f619 x1ypdohk xt0psk2 xe8uvvx xdj266r x11i5rnm xat24cr x1mh8g0r xexx8yu x4uap5 x18d9i69 xkhd6sd x16tdsg8 x1hl2dhg xggy1nq x1a2a7pz notranslate _a6hd\" tabindex=\"0\" role=\"link\" href=\"https:\/\/www.instagram.com\/mnadlimoges\/\">@mnadlimoges<\/a> (Mus\u00e9e national Adrien-Dubouch\u00e9) avec l\u2019exposition La table des porcelainiers. Toques &amp; Porcelaine, un \u00e9v\u00e9nement fait de rencontres festives et in\u00e9dites entre gastronomie et art de la table, chefs et porcelainiers, contenants et contenus.<\/p>\n","protected":false},"excerpt":{"rendered":"<p>Retrouvez-nous demain et jusqu\u2019\u00e0 dimanche \u00e0 Limoges avec le chef Jacques Chibois, pr\u00e9sident d\u2019honneur de Toques &amp; Porcelaine, aux halles (d\u00e9monstration culinaire samedi \u00e0 14h30), sur notre stand place de la r\u00e9publique tout au long de la manifestation, \u00e0 la boutique au 5 impasse d\u2019isly pour plus de sensations, \u00e0 @ensa.limoges (\u00c9cole Nationale Sup\u00e9rieure d\u2019Art et de Design) pour le [&hellip;]<\/p>\n","protected":false},"author":1,"featured_media":17183,"comment_status":"closed","ping_status":"open","sticky":false,"template":"","format":"standard","meta":{"footnotes":"","_links_to":"","_links_to_target":""},"categories":[197],"tags":[],"class_list":["post-17182","post","type-post","status-publish","format-standard","has-post-thumbnail","hentry","category-non-classifiee"],"yoast_head":"<!-- This site is optimized with the Yoast SEO plugin v27.1.1 - https:\/\/yoast.com\/product\/yoast-seo-wordpress\/ -->\n<title>Visitez-nous dans le cadre de Toques &amp; Porcelaine \u00e0 Limoges en septembre 2023 - Non Sans Raison<\/title>\n<meta name=\"description\" content=\"Non Sans Raison, cr\u00e9ateur, fabricant et \u00e9diteur d&#039;art de la table et d&#039;objets design de haute facture artisanale en porcelaine de Limoges commercialis\u00e9es dans le monde entier et r\u00e9alis\u00e9es \u00e0 partir de mat\u00e9riaux nobles. Vente en ligne d&#039;art de la table moderne, assiettes, objets cadeaux design, porcelaine contemporaine et Wall Plates.\" \/>\n<meta name=\"robots\" content=\"index, follow, max-snippet:-1, max-image-preview:large, max-video-preview:-1\" \/>\n<link rel=\"canonical\" href=\"https:\/\/nonsansraison.com\/toques-porcelaine-septembre-2023\/\" \/>\n<meta property=\"og:locale\" content=\"en_US\" \/>\n<meta property=\"og:type\" content=\"article\" \/>\n<meta property=\"og:title\" content=\"Visitez-nous dans le cadre de Toques &amp; Porcelaine \u00e0 Limoges en septembre 2023 - Non Sans Raison\" \/>\n<meta property=\"og:description\" content=\"Non Sans Raison, cr\u00e9ateur, fabricant et \u00e9diteur d&#039;art de la table et d&#039;objets design de haute facture artisanale en porcelaine de Limoges commercialis\u00e9es dans le monde entier et r\u00e9alis\u00e9es \u00e0 partir de mat\u00e9riaux nobles. Vente en ligne d&#039;art de la table moderne, assiettes, objets cadeaux design, porcelaine contemporaine et Wall Plates.\" \/>\n<meta property=\"og:url\" content=\"https:\/\/nonsansraison.com\/toques-porcelaine-septembre-2023\/\" \/>\n<meta property=\"og:site_name\" content=\"Non Sans Raison\" \/>\n<meta property=\"article:publisher\" content=\"https:\/\/www.facebook.com\/nonsansraison\" \/>\n<meta property=\"article:published_time\" content=\"2023-09-15T10:50:26+00:00\" \/>\n<meta property=\"article:modified_time\" content=\"2024-01-15T11:05:31+00:00\" \/>\n<meta property=\"og:image\" content=\"https:\/\/nonsansraison.com\/wp-content\/uploads\/2024\/01\/toques-et-porcelaine-non-sans-raison-2023.jpg\" \/>\n\t<meta property=\"og:image:width\" content=\"1074\" \/>\n\t<meta property=\"og:image:height\" content=\"768\" \/>\n\t<meta property=\"og:image:type\" content=\"image\/jpeg\" \/>\n<meta name=\"author\" content=\"Non Sans Raison\" \/>\n<meta name=\"twitter:card\" content=\"summary_large_image\" \/>\n<meta name=\"twitter:creator\" content=\"@nonsansraison\" \/>\n<meta name=\"twitter:site\" content=\"@nonsansraison\" \/>\n<meta name=\"twitter:label1\" content=\"Written by\" \/>\n\t<meta name=\"twitter:data1\" content=\"Non Sans Raison\" \/>\n\t<meta name=\"twitter:label2\" content=\"Est. reading time\" \/>\n\t<meta name=\"twitter:data2\" content=\"1 minute\" \/>\n<script type=\"application\/ld+json\" class=\"yoast-schema-graph\">{\"@context\":\"https:\/\/schema.org\",\"@graph\":[{\"@type\":\"Article\",\"@id\":\"https:\/\/nonsansraison.com\/toques-porcelaine-septembre-2023\/#article\",\"isPartOf\":{\"@id\":\"https:\/\/nonsansraison.com\/toques-porcelaine-septembre-2023\/\"},\"author\":{\"name\":\"Non Sans Raison\",\"@id\":\"https:\/\/nonsansraison.com\/#\/schema\/person\/76e6c9f312332d3a496285a9a97b777b\"},\"headline\":\"Visitez-nous dans le cadre de Toques &#038; Porcelaine \u00e0 Limoges en septembre 2023\",\"datePublished\":\"2023-09-15T10:50:26+00:00\",\"dateModified\":\"2024-01-15T11:05:31+00:00\",\"mainEntityOfPage\":{\"@id\":\"https:\/\/nonsansraison.com\/toques-porcelaine-septembre-2023\/\"},\"wordCount\":116,\"publisher\":{\"@id\":\"https:\/\/nonsansraison.com\/#organization\"},\"image\":{\"@id\":\"https:\/\/nonsansraison.com\/toques-porcelaine-septembre-2023\/#primaryimage\"},\"thumbnailUrl\":\"https:\/\/nonsansraison.com\/wp-content\/uploads\/2024\/01\/toques-et-porcelaine-non-sans-raison-2023.jpg\",\"articleSection\":[\"Non classifi\u00e9(e)\"],\"inLanguage\":\"en-US\"},{\"@type\":\"WebPage\",\"@id\":\"https:\/\/nonsansraison.com\/toques-porcelaine-septembre-2023\/\",\"url\":\"https:\/\/nonsansraison.com\/toques-porcelaine-septembre-2023\/\",\"name\":\"Visitez-nous dans le cadre de Toques & Porcelaine \u00e0 Limoges en septembre 2023 - Non Sans Raison\",\"isPartOf\":{\"@id\":\"https:\/\/nonsansraison.com\/#website\"},\"primaryImageOfPage\":{\"@id\":\"https:\/\/nonsansraison.com\/toques-porcelaine-septembre-2023\/#primaryimage\"},\"image\":{\"@id\":\"https:\/\/nonsansraison.com\/toques-porcelaine-septembre-2023\/#primaryimage\"},\"thumbnailUrl\":\"https:\/\/nonsansraison.com\/wp-content\/uploads\/2024\/01\/toques-et-porcelaine-non-sans-raison-2023.jpg\",\"datePublished\":\"2023-09-15T10:50:26+00:00\",\"dateModified\":\"2024-01-15T11:05:31+00:00\",\"description\":\"Non Sans Raison, cr\u00e9ateur, fabricant et \u00e9diteur d'art de la table et d'objets design de haute facture artisanale en porcelaine de Limoges commercialis\u00e9es dans le monde entier et r\u00e9alis\u00e9es \u00e0 partir de mat\u00e9riaux nobles. Vente en ligne d'art de la table moderne, assiettes, objets cadeaux design, porcelaine contemporaine et Wall Plates.\",\"breadcrumb\":{\"@id\":\"https:\/\/nonsansraison.com\/toques-porcelaine-septembre-2023\/#breadcrumb\"},\"inLanguage\":\"en-US\",\"potentialAction\":[{\"@type\":\"ReadAction\",\"target\":[\"https:\/\/nonsansraison.com\/toques-porcelaine-septembre-2023\/\"]}]},{\"@type\":\"ImageObject\",\"inLanguage\":\"en-US\",\"@id\":\"https:\/\/nonsansraison.com\/toques-porcelaine-septembre-2023\/#primaryimage\",\"url\":\"https:\/\/nonsansraison.com\/wp-content\/uploads\/2024\/01\/toques-et-porcelaine-non-sans-raison-2023.jpg\",\"contentUrl\":\"https:\/\/nonsansraison.com\/wp-content\/uploads\/2024\/01\/toques-et-porcelaine-non-sans-raison-2023.jpg\",\"width\":1074,\"height\":768},{\"@type\":\"BreadcrumbList\",\"@id\":\"https:\/\/nonsansraison.com\/toques-porcelaine-septembre-2023\/#breadcrumb\",\"itemListElement\":[{\"@type\":\"ListItem\",\"position\":1,\"name\":\"Accueil\",\"item\":\"https:\/\/nonsansraison.com\/en\/\"},{\"@type\":\"ListItem\",\"position\":2,\"name\":\"Visitez-nous dans le cadre de Toques &#038; Porcelaine \u00e0 Limoges en septembre 2023\"}]},{\"@type\":\"WebSite\",\"@id\":\"https:\/\/nonsansraison.com\/#website\",\"url\":\"https:\/\/nonsansraison.com\/\",\"name\":\"Non Sans Raison\",\"description\":\"Porcelaine de Limoges\",\"publisher\":{\"@id\":\"https:\/\/nonsansraison.com\/#organization\"},\"potentialAction\":[{\"@type\":\"SearchAction\",\"target\":{\"@type\":\"EntryPoint\",\"urlTemplate\":\"https:\/\/nonsansraison.com\/?s={search_term_string}\"},\"query-input\":{\"@type\":\"PropertyValueSpecification\",\"valueRequired\":true,\"valueName\":\"search_term_string\"}}],\"inLanguage\":\"en-US\"},{\"@type\":\"Organization\",\"@id\":\"https:\/\/nonsansraison.com\/#organization\",\"name\":\"Non Sans Raison\",\"url\":\"https:\/\/nonsansraison.com\/\",\"logo\":{\"@type\":\"ImageObject\",\"inLanguage\":\"en-US\",\"@id\":\"https:\/\/nonsansraison.com\/#\/schema\/logo\/image\/\",\"url\":\"https:\/\/nonsansraison.com\/wp-content\/uploads\/2021\/07\/logo-Non-Sans-Raison-porcelaine-Limoges-France.jpg\",\"contentUrl\":\"https:\/\/nonsansraison.com\/wp-content\/uploads\/2021\/07\/logo-Non-Sans-Raison-porcelaine-Limoges-France.jpg\",\"width\":500,\"height\":500,\"caption\":\"Non Sans Raison\"},\"image\":{\"@id\":\"https:\/\/nonsansraison.com\/#\/schema\/logo\/image\/\"},\"sameAs\":[\"https:\/\/www.facebook.com\/nonsansraison\",\"https:\/\/x.com\/nonsansraison\",\"https:\/\/www.instagram.com\/nonsansraison\/\",\"https:\/\/www.linkedin.com\/company\/non-sans-raison\",\"https:\/\/fr.pinterest.com\/nonsansraison\/\"]},{\"@type\":\"Person\",\"@id\":\"https:\/\/nonsansraison.com\/#\/schema\/person\/76e6c9f312332d3a496285a9a97b777b\",\"name\":\"Non Sans Raison\"}]}<\/script>\n<!-- \/ Yoast SEO plugin. -->","yoast_head_json":{"title":"Visitez-nous dans le cadre de Toques & Porcelaine \u00e0 Limoges en septembre 2023 - Non Sans Raison","description":"Non Sans Raison, cr\u00e9ateur, fabricant et \u00e9diteur d'art de la table et d'objets design de haute facture artisanale en porcelaine de Limoges commercialis\u00e9es dans le monde entier et r\u00e9alis\u00e9es \u00e0 partir de mat\u00e9riaux nobles. Vente en ligne d'art de la table moderne, assiettes, objets cadeaux design, porcelaine contemporaine et Wall Plates.","robots":{"index":"index","follow":"follow","max-snippet":"max-snippet:-1","max-image-preview":"max-image-preview:large","max-video-preview":"max-video-preview:-1"},"canonical":"https:\/\/nonsansraison.com\/toques-porcelaine-septembre-2023\/","og_locale":"en_US","og_type":"article","og_title":"Visitez-nous dans le cadre de Toques & Porcelaine \u00e0 Limoges en septembre 2023 - Non Sans Raison","og_description":"Non Sans Raison, cr\u00e9ateur, fabricant et \u00e9diteur d'art de la table et d'objets design de haute facture artisanale en porcelaine de Limoges commercialis\u00e9es dans le monde entier et r\u00e9alis\u00e9es \u00e0 partir de mat\u00e9riaux nobles. Vente en ligne d'art de la table moderne, assiettes, objets cadeaux design, porcelaine contemporaine et Wall Plates.","og_url":"https:\/\/nonsansraison.com\/toques-porcelaine-septembre-2023\/","og_site_name":"Non Sans Raison","article_publisher":"https:\/\/www.facebook.com\/nonsansraison","article_published_time":"2023-09-15T10:50:26+00:00","article_modified_time":"2024-01-15T11:05:31+00:00","og_image":[{"width":1074,"height":768,"url":"https:\/\/nonsansraison.com\/wp-content\/uploads\/2024\/01\/toques-et-porcelaine-non-sans-raison-2023.jpg","type":"image\/jpeg"}],"author":"Non Sans Raison","twitter_card":"summary_large_image","twitter_creator":"@nonsansraison","twitter_site":"@nonsansraison","twitter_misc":{"Written by":"Non Sans Raison","Est. reading time":"1 minute"},"schema":{"@context":"https:\/\/schema.org","@graph":[{"@type":"Article","@id":"https:\/\/nonsansraison.com\/toques-porcelaine-septembre-2023\/#article","isPartOf":{"@id":"https:\/\/nonsansraison.com\/toques-porcelaine-septembre-2023\/"},"author":{"name":"Non Sans Raison","@id":"https:\/\/nonsansraison.com\/#\/schema\/person\/76e6c9f312332d3a496285a9a97b777b"},"headline":"Visitez-nous dans le cadre de Toques &#038; Porcelaine \u00e0 Limoges en septembre 2023","datePublished":"2023-09-15T10:50:26+00:00","dateModified":"2024-01-15T11:05:31+00:00","mainEntityOfPage":{"@id":"https:\/\/nonsansraison.com\/toques-porcelaine-septembre-2023\/"},"wordCount":116,"publisher":{"@id":"https:\/\/nonsansraison.com\/#organization"},"image":{"@id":"https:\/\/nonsansraison.com\/toques-porcelaine-septembre-2023\/#primaryimage"},"thumbnailUrl":"https:\/\/nonsansraison.com\/wp-content\/uploads\/2024\/01\/toques-et-porcelaine-non-sans-raison-2023.jpg","articleSection":["Non classifi\u00e9(e)"],"inLanguage":"en-US"},{"@type":"WebPage","@id":"https:\/\/nonsansraison.com\/toques-porcelaine-septembre-2023\/","url":"https:\/\/nonsansraison.com\/toques-porcelaine-septembre-2023\/","name":"Visitez-nous dans le cadre de Toques & Porcelaine \u00e0 Limoges en septembre 2023 - Non Sans Raison","isPartOf":{"@id":"https:\/\/nonsansraison.com\/#website"},"primaryImageOfPage":{"@id":"https:\/\/nonsansraison.com\/toques-porcelaine-septembre-2023\/#primaryimage"},"image":{"@id":"https:\/\/nonsansraison.com\/toques-porcelaine-septembre-2023\/#primaryimage"},"thumbnailUrl":"https:\/\/nonsansraison.com\/wp-content\/uploads\/2024\/01\/toques-et-porcelaine-non-sans-raison-2023.jpg","datePublished":"2023-09-15T10:50:26+00:00","dateModified":"2024-01-15T11:05:31+00:00","description":"Non Sans Raison, cr\u00e9ateur, fabricant et \u00e9diteur d'art de la table et d'objets design de haute facture artisanale en porcelaine de Limoges commercialis\u00e9es dans le monde entier et r\u00e9alis\u00e9es \u00e0 partir de mat\u00e9riaux nobles. Vente en ligne d'art de la table moderne, assiettes, objets cadeaux design, porcelaine contemporaine et Wall Plates.","breadcrumb":{"@id":"https:\/\/nonsansraison.com\/toques-porcelaine-septembre-2023\/#breadcrumb"},"inLanguage":"en-US","potentialAction":[{"@type":"ReadAction","target":["https:\/\/nonsansraison.com\/toques-porcelaine-septembre-2023\/"]}]},{"@type":"ImageObject","inLanguage":"en-US","@id":"https:\/\/nonsansraison.com\/toques-porcelaine-septembre-2023\/#primaryimage","url":"https:\/\/nonsansraison.com\/wp-content\/uploads\/2024\/01\/toques-et-porcelaine-non-sans-raison-2023.jpg","contentUrl":"https:\/\/nonsansraison.com\/wp-content\/uploads\/2024\/01\/toques-et-porcelaine-non-sans-raison-2023.jpg","width":1074,"height":768},{"@type":"BreadcrumbList","@id":"https:\/\/nonsansraison.com\/toques-porcelaine-septembre-2023\/#breadcrumb","itemListElement":[{"@type":"ListItem","position":1,"name":"Accueil","item":"https:\/\/nonsansraison.com\/en\/"},{"@type":"ListItem","position":2,"name":"Visitez-nous dans le cadre de Toques &#038; Porcelaine \u00e0 Limoges en septembre 2023"}]},{"@type":"WebSite","@id":"https:\/\/nonsansraison.com\/#website","url":"https:\/\/nonsansraison.com\/","name":"Non Sans Raison","description":"Porcelaine de Limoges","publisher":{"@id":"https:\/\/nonsansraison.com\/#organization"},"potentialAction":[{"@type":"SearchAction","target":{"@type":"EntryPoint","urlTemplate":"https:\/\/nonsansraison.com\/?s={search_term_string}"},"query-input":{"@type":"PropertyValueSpecification","valueRequired":true,"valueName":"search_term_string"}}],"inLanguage":"en-US"},{"@type":"Organization","@id":"https:\/\/nonsansraison.com\/#organization","name":"Non Sans Raison","url":"https:\/\/nonsansraison.com\/","logo":{"@type":"ImageObject","inLanguage":"en-US","@id":"https:\/\/nonsansraison.com\/#\/schema\/logo\/image\/","url":"https:\/\/nonsansraison.com\/wp-content\/uploads\/2021\/07\/logo-Non-Sans-Raison-porcelaine-Limoges-France.jpg","contentUrl":"https:\/\/nonsansraison.com\/wp-content\/uploads\/2021\/07\/logo-Non-Sans-Raison-porcelaine-Limoges-France.jpg","width":500,"height":500,"caption":"Non Sans Raison"},"image":{"@id":"https:\/\/nonsansraison.com\/#\/schema\/logo\/image\/"},"sameAs":["https:\/\/www.facebook.com\/nonsansraison","https:\/\/x.com\/nonsansraison","https:\/\/www.instagram.com\/nonsansraison\/","https:\/\/www.linkedin.com\/company\/non-sans-raison","https:\/\/fr.pinterest.com\/nonsansraison\/"]},{"@type":"Person","@id":"https:\/\/nonsansraison.com\/#\/schema\/person\/76e6c9f312332d3a496285a9a97b777b","name":"Non Sans Raison"}]}},"_links":{"self":[{"href":"https:\/\/nonsansraison.com\/en\/wp-json\/wp\/v2\/posts\/17182","targetHints":{"allow":["GET"]}}],"collection":[{"href":"https:\/\/nonsansraison.com\/en\/wp-json\/wp\/v2\/posts"}],"about":[{"href":"https:\/\/nonsansraison.com\/en\/wp-json\/wp\/v2\/types\/post"}],"author":[{"embeddable":true,"href":"https:\/\/nonsansraison.com\/en\/wp-json\/wp\/v2\/users\/1"}],"replies":[{"embeddable":true,"href":"https:\/\/nonsansraison.com\/en\/wp-json\/wp\/v2\/comments?post=17182"}],"version-history":[{"count":2,"href":"https:\/\/nonsansraison.com\/en\/wp-json\/wp\/v2\/posts\/17182\/revisions"}],"predecessor-version":[{"id":17193,"href":"https:\/\/nonsansraison.com\/en\/wp-json\/wp\/v2\/posts\/17182\/revisions\/17193"}],"wp:featuredmedia":[{"embeddable":true,"href":"https:\/\/nonsansraison.com\/en\/wp-json\/wp\/v2\/media\/17183"}],"wp:attachment":[{"href":"https:\/\/nonsansraison.com\/en\/wp-json\/wp\/v2\/media?parent=17182"}],"wp:term":[{"taxonomy":"category","embeddable":true,"href":"https:\/\/nonsansraison.com\/en\/wp-json\/wp\/v2\/categories?post=17182"},{"taxonomy":"post_tag","embeddable":true,"href":"https:\/\/nonsansraison.com\/en\/wp-json\/wp\/v2\/tags?post=17182"}],"curies":[{"name":"wp","href":"https:\/\/api.w.org\/{rel}","templated":true}]}}