{"id":15312,"date":"2021-12-03T14:30:57","date_gmt":"2021-12-03T13:30:57","guid":{"rendered":"https:\/\/nonsansraison.com\/?p=15312"},"modified":"2022-05-03T14:32:26","modified_gmt":"2022-05-03T13:32:26","slug":"exposition-blanc-comme-neige-au-docks-design-a-bordeaux-2","status":"publish","type":"post","link":"https:\/\/nonsansraison.com\/en\/exposition-blanc-comme-neige-au-docks-design-a-bordeaux-2\/","title":{"rendered":"Exposition &#8220;Blanc comme neige&#8221; au Docks Design \u00e0 Bordeaux"},"content":{"rendered":"<p>&nbsp;<\/p>\n<p>Direction Bordeaux pour d\u00e9couvrir notre installation dans le cadre de l&#8217;exposition &#8220;Blanc comme neige&#8221; au Docks Design orchestr\u00e9e par A La Loupe Art jusqu&#8217;au 1er f\u00e9vrier 2022. Itin\u00e9raire artistique et gastronomique qui prend place \u00e9galement \u00e0 l&#8217;Alchimiste Torr\u00e9facteur. Quand fond la neige, o\u00f9 va le blanc ?<\/p>\n","protected":false},"excerpt":{"rendered":"<p>&nbsp; Direction Bordeaux pour d\u00e9couvrir notre installation dans le cadre de l&#8217;exposition &#8220;Blanc comme neige&#8221; au Docks Design orchestr\u00e9e par A La Loupe Art jusqu&#8217;au 1er f\u00e9vrier 2022. Itin\u00e9raire artistique et gastronomique qui prend place \u00e9galement \u00e0 l&#8217;Alchimiste Torr\u00e9facteur. Quand fond la neige, o\u00f9 va le blanc ?<\/p>\n","protected":false},"author":1,"featured_media":15310,"comment_status":"closed","ping_status":"open","sticky":false,"template":"","format":"standard","meta":{"footnotes":"","_links_to":"","_links_to_target":""},"categories":[197],"tags":[],"class_list":["post-15312","post","type-post","status-publish","format-standard","has-post-thumbnail","hentry","category-non-classifiee"],"yoast_head":"<!-- This site is optimized with the Yoast SEO plugin v27.1.1 - https:\/\/yoast.com\/product\/yoast-seo-wordpress\/ -->\n<title>Exposition &quot;Blanc comme neige&quot; au Docks Design \u00e0 Bordeaux - Non Sans Raison<\/title>\n<meta name=\"description\" content=\"Non Sans Raison, cr\u00e9ateur, fabricant et \u00e9diteur d&#039;art de la table et d&#039;objets design de haute facture artisanale en porcelaine de Limoges commercialis\u00e9es dans le monde entier et r\u00e9alis\u00e9es \u00e0 partir de mat\u00e9riaux nobles. Vente en ligne d&#039;art de la table moderne, assiettes, objets cadeaux design, porcelaine contemporaine et Wall Plates.\" \/>\n<meta name=\"robots\" content=\"index, follow, max-snippet:-1, max-image-preview:large, max-video-preview:-1\" \/>\n<link rel=\"canonical\" href=\"https:\/\/nonsansraison.com\/exposition-blanc-comme-neige-au-docks-design-a-bordeaux-2\/\" \/>\n<meta property=\"og:locale\" content=\"en_US\" \/>\n<meta property=\"og:type\" content=\"article\" \/>\n<meta property=\"og:title\" content=\"Exposition &quot;Blanc comme neige&quot; au Docks Design \u00e0 Bordeaux - Non Sans Raison\" \/>\n<meta property=\"og:description\" content=\"Non Sans Raison, cr\u00e9ateur, fabricant et \u00e9diteur d&#039;art de la table et d&#039;objets design de haute facture artisanale en porcelaine de Limoges commercialis\u00e9es dans le monde entier et r\u00e9alis\u00e9es \u00e0 partir de mat\u00e9riaux nobles. Vente en ligne d&#039;art de la table moderne, assiettes, objets cadeaux design, porcelaine contemporaine et Wall Plates.\" \/>\n<meta property=\"og:url\" content=\"https:\/\/nonsansraison.com\/exposition-blanc-comme-neige-au-docks-design-a-bordeaux-2\/\" \/>\n<meta property=\"og:site_name\" content=\"Non Sans Raison\" \/>\n<meta property=\"article:publisher\" content=\"https:\/\/www.facebook.com\/nonsansraison\" \/>\n<meta property=\"article:published_time\" content=\"2021-12-03T13:30:57+00:00\" \/>\n<meta property=\"article:modified_time\" content=\"2022-05-03T13:32:26+00:00\" \/>\n<meta property=\"og:image\" content=\"https:\/\/nonsansraison.com\/wp-content\/uploads\/2022\/05\/510EF18F-33E8-4A80-A8C2-40011E842E7A.jpg\" \/>\n\t<meta property=\"og:image:width\" content=\"821\" \/>\n\t<meta property=\"og:image:height\" content=\"821\" \/>\n\t<meta property=\"og:image:type\" content=\"image\/jpeg\" \/>\n<meta name=\"author\" content=\"Non Sans Raison\" \/>\n<meta name=\"twitter:card\" content=\"summary_large_image\" \/>\n<meta name=\"twitter:creator\" content=\"@nonsansraison\" \/>\n<meta name=\"twitter:site\" content=\"@nonsansraison\" \/>\n<meta name=\"twitter:label1\" content=\"Written by\" \/>\n\t<meta name=\"twitter:data1\" content=\"Non Sans Raison\" \/>\n\t<meta name=\"twitter:label2\" content=\"Est. reading time\" \/>\n\t<meta name=\"twitter:data2\" content=\"1 minute\" \/>\n<script type=\"application\/ld+json\" class=\"yoast-schema-graph\">{\"@context\":\"https:\/\/schema.org\",\"@graph\":[{\"@type\":\"Article\",\"@id\":\"https:\/\/nonsansraison.com\/exposition-blanc-comme-neige-au-docks-design-a-bordeaux-2\/#article\",\"isPartOf\":{\"@id\":\"https:\/\/nonsansraison.com\/exposition-blanc-comme-neige-au-docks-design-a-bordeaux-2\/\"},\"author\":{\"name\":\"Non Sans Raison\",\"@id\":\"https:\/\/nonsansraison.com\/#\/schema\/person\/76e6c9f312332d3a496285a9a97b777b\"},\"headline\":\"Exposition &#8220;Blanc comme neige&#8221; au Docks Design \u00e0 Bordeaux\",\"datePublished\":\"2021-12-03T13:30:57+00:00\",\"dateModified\":\"2022-05-03T13:32:26+00:00\",\"mainEntityOfPage\":{\"@id\":\"https:\/\/nonsansraison.com\/exposition-blanc-comme-neige-au-docks-design-a-bordeaux-2\/\"},\"wordCount\":61,\"publisher\":{\"@id\":\"https:\/\/nonsansraison.com\/#organization\"},\"image\":{\"@id\":\"https:\/\/nonsansraison.com\/exposition-blanc-comme-neige-au-docks-design-a-bordeaux-2\/#primaryimage\"},\"thumbnailUrl\":\"https:\/\/nonsansraison.com\/wp-content\/uploads\/2022\/05\/510EF18F-33E8-4A80-A8C2-40011E842E7A.jpg\",\"articleSection\":[\"Non classifi\u00e9(e)\"],\"inLanguage\":\"en-US\"},{\"@type\":\"WebPage\",\"@id\":\"https:\/\/nonsansraison.com\/exposition-blanc-comme-neige-au-docks-design-a-bordeaux-2\/\",\"url\":\"https:\/\/nonsansraison.com\/exposition-blanc-comme-neige-au-docks-design-a-bordeaux-2\/\",\"name\":\"Exposition \\\"Blanc comme neige\\\" au Docks Design \u00e0 Bordeaux - Non Sans Raison\",\"isPartOf\":{\"@id\":\"https:\/\/nonsansraison.com\/#website\"},\"primaryImageOfPage\":{\"@id\":\"https:\/\/nonsansraison.com\/exposition-blanc-comme-neige-au-docks-design-a-bordeaux-2\/#primaryimage\"},\"image\":{\"@id\":\"https:\/\/nonsansraison.com\/exposition-blanc-comme-neige-au-docks-design-a-bordeaux-2\/#primaryimage\"},\"thumbnailUrl\":\"https:\/\/nonsansraison.com\/wp-content\/uploads\/2022\/05\/510EF18F-33E8-4A80-A8C2-40011E842E7A.jpg\",\"datePublished\":\"2021-12-03T13:30:57+00:00\",\"dateModified\":\"2022-05-03T13:32:26+00:00\",\"description\":\"Non Sans Raison, cr\u00e9ateur, fabricant et \u00e9diteur d'art de la table et d'objets design de haute facture artisanale en porcelaine de Limoges commercialis\u00e9es dans le monde entier et r\u00e9alis\u00e9es \u00e0 partir de mat\u00e9riaux nobles. Vente en ligne d'art de la table moderne, assiettes, objets cadeaux design, porcelaine contemporaine et Wall Plates.\",\"breadcrumb\":{\"@id\":\"https:\/\/nonsansraison.com\/exposition-blanc-comme-neige-au-docks-design-a-bordeaux-2\/#breadcrumb\"},\"inLanguage\":\"en-US\",\"potentialAction\":[{\"@type\":\"ReadAction\",\"target\":[\"https:\/\/nonsansraison.com\/exposition-blanc-comme-neige-au-docks-design-a-bordeaux-2\/\"]}]},{\"@type\":\"ImageObject\",\"inLanguage\":\"en-US\",\"@id\":\"https:\/\/nonsansraison.com\/exposition-blanc-comme-neige-au-docks-design-a-bordeaux-2\/#primaryimage\",\"url\":\"https:\/\/nonsansraison.com\/wp-content\/uploads\/2022\/05\/510EF18F-33E8-4A80-A8C2-40011E842E7A.jpg\",\"contentUrl\":\"https:\/\/nonsansraison.com\/wp-content\/uploads\/2022\/05\/510EF18F-33E8-4A80-A8C2-40011E842E7A.jpg\",\"width\":821,\"height\":821},{\"@type\":\"BreadcrumbList\",\"@id\":\"https:\/\/nonsansraison.com\/exposition-blanc-comme-neige-au-docks-design-a-bordeaux-2\/#breadcrumb\",\"itemListElement\":[{\"@type\":\"ListItem\",\"position\":1,\"name\":\"Accueil\",\"item\":\"https:\/\/nonsansraison.com\/en\/\"},{\"@type\":\"ListItem\",\"position\":2,\"name\":\"Exposition &#8220;Blanc comme neige&#8221; au Docks Design \u00e0 Bordeaux\"}]},{\"@type\":\"WebSite\",\"@id\":\"https:\/\/nonsansraison.com\/#website\",\"url\":\"https:\/\/nonsansraison.com\/\",\"name\":\"Non Sans Raison\",\"description\":\"Porcelaine de Limoges\",\"publisher\":{\"@id\":\"https:\/\/nonsansraison.com\/#organization\"},\"potentialAction\":[{\"@type\":\"SearchAction\",\"target\":{\"@type\":\"EntryPoint\",\"urlTemplate\":\"https:\/\/nonsansraison.com\/?s={search_term_string}\"},\"query-input\":{\"@type\":\"PropertyValueSpecification\",\"valueRequired\":true,\"valueName\":\"search_term_string\"}}],\"inLanguage\":\"en-US\"},{\"@type\":\"Organization\",\"@id\":\"https:\/\/nonsansraison.com\/#organization\",\"name\":\"Non Sans Raison\",\"url\":\"https:\/\/nonsansraison.com\/\",\"logo\":{\"@type\":\"ImageObject\",\"inLanguage\":\"en-US\",\"@id\":\"https:\/\/nonsansraison.com\/#\/schema\/logo\/image\/\",\"url\":\"https:\/\/nonsansraison.com\/wp-content\/uploads\/2021\/07\/logo-Non-Sans-Raison-porcelaine-Limoges-France.jpg\",\"contentUrl\":\"https:\/\/nonsansraison.com\/wp-content\/uploads\/2021\/07\/logo-Non-Sans-Raison-porcelaine-Limoges-France.jpg\",\"width\":500,\"height\":500,\"caption\":\"Non Sans Raison\"},\"image\":{\"@id\":\"https:\/\/nonsansraison.com\/#\/schema\/logo\/image\/\"},\"sameAs\":[\"https:\/\/www.facebook.com\/nonsansraison\",\"https:\/\/x.com\/nonsansraison\",\"https:\/\/www.instagram.com\/nonsansraison\/\",\"https:\/\/www.linkedin.com\/company\/non-sans-raison\",\"https:\/\/fr.pinterest.com\/nonsansraison\/\"]},{\"@type\":\"Person\",\"@id\":\"https:\/\/nonsansraison.com\/#\/schema\/person\/76e6c9f312332d3a496285a9a97b777b\",\"name\":\"Non Sans Raison\"}]}<\/script>\n<!-- \/ Yoast SEO plugin. -->","yoast_head_json":{"title":"Exposition \"Blanc comme neige\" au Docks Design \u00e0 Bordeaux - Non Sans Raison","description":"Non Sans Raison, cr\u00e9ateur, fabricant et \u00e9diteur d'art de la table et d'objets design de haute facture artisanale en porcelaine de Limoges commercialis\u00e9es dans le monde entier et r\u00e9alis\u00e9es \u00e0 partir de mat\u00e9riaux nobles. Vente en ligne d'art de la table moderne, assiettes, objets cadeaux design, porcelaine contemporaine et Wall Plates.","robots":{"index":"index","follow":"follow","max-snippet":"max-snippet:-1","max-image-preview":"max-image-preview:large","max-video-preview":"max-video-preview:-1"},"canonical":"https:\/\/nonsansraison.com\/exposition-blanc-comme-neige-au-docks-design-a-bordeaux-2\/","og_locale":"en_US","og_type":"article","og_title":"Exposition \"Blanc comme neige\" au Docks Design \u00e0 Bordeaux - Non Sans Raison","og_description":"Non Sans Raison, cr\u00e9ateur, fabricant et \u00e9diteur d'art de la table et d'objets design de haute facture artisanale en porcelaine de Limoges commercialis\u00e9es dans le monde entier et r\u00e9alis\u00e9es \u00e0 partir de mat\u00e9riaux nobles. Vente en ligne d'art de la table moderne, assiettes, objets cadeaux design, porcelaine contemporaine et Wall Plates.","og_url":"https:\/\/nonsansraison.com\/exposition-blanc-comme-neige-au-docks-design-a-bordeaux-2\/","og_site_name":"Non Sans Raison","article_publisher":"https:\/\/www.facebook.com\/nonsansraison","article_published_time":"2021-12-03T13:30:57+00:00","article_modified_time":"2022-05-03T13:32:26+00:00","og_image":[{"width":821,"height":821,"url":"https:\/\/nonsansraison.com\/wp-content\/uploads\/2022\/05\/510EF18F-33E8-4A80-A8C2-40011E842E7A.jpg","type":"image\/jpeg"}],"author":"Non Sans Raison","twitter_card":"summary_large_image","twitter_creator":"@nonsansraison","twitter_site":"@nonsansraison","twitter_misc":{"Written by":"Non Sans Raison","Est. reading time":"1 minute"},"schema":{"@context":"https:\/\/schema.org","@graph":[{"@type":"Article","@id":"https:\/\/nonsansraison.com\/exposition-blanc-comme-neige-au-docks-design-a-bordeaux-2\/#article","isPartOf":{"@id":"https:\/\/nonsansraison.com\/exposition-blanc-comme-neige-au-docks-design-a-bordeaux-2\/"},"author":{"name":"Non Sans Raison","@id":"https:\/\/nonsansraison.com\/#\/schema\/person\/76e6c9f312332d3a496285a9a97b777b"},"headline":"Exposition &#8220;Blanc comme neige&#8221; au Docks Design \u00e0 Bordeaux","datePublished":"2021-12-03T13:30:57+00:00","dateModified":"2022-05-03T13:32:26+00:00","mainEntityOfPage":{"@id":"https:\/\/nonsansraison.com\/exposition-blanc-comme-neige-au-docks-design-a-bordeaux-2\/"},"wordCount":61,"publisher":{"@id":"https:\/\/nonsansraison.com\/#organization"},"image":{"@id":"https:\/\/nonsansraison.com\/exposition-blanc-comme-neige-au-docks-design-a-bordeaux-2\/#primaryimage"},"thumbnailUrl":"https:\/\/nonsansraison.com\/wp-content\/uploads\/2022\/05\/510EF18F-33E8-4A80-A8C2-40011E842E7A.jpg","articleSection":["Non classifi\u00e9(e)"],"inLanguage":"en-US"},{"@type":"WebPage","@id":"https:\/\/nonsansraison.com\/exposition-blanc-comme-neige-au-docks-design-a-bordeaux-2\/","url":"https:\/\/nonsansraison.com\/exposition-blanc-comme-neige-au-docks-design-a-bordeaux-2\/","name":"Exposition \"Blanc comme neige\" au Docks Design \u00e0 Bordeaux - Non Sans Raison","isPartOf":{"@id":"https:\/\/nonsansraison.com\/#website"},"primaryImageOfPage":{"@id":"https:\/\/nonsansraison.com\/exposition-blanc-comme-neige-au-docks-design-a-bordeaux-2\/#primaryimage"},"image":{"@id":"https:\/\/nonsansraison.com\/exposition-blanc-comme-neige-au-docks-design-a-bordeaux-2\/#primaryimage"},"thumbnailUrl":"https:\/\/nonsansraison.com\/wp-content\/uploads\/2022\/05\/510EF18F-33E8-4A80-A8C2-40011E842E7A.jpg","datePublished":"2021-12-03T13:30:57+00:00","dateModified":"2022-05-03T13:32:26+00:00","description":"Non Sans Raison, cr\u00e9ateur, fabricant et \u00e9diteur d'art de la table et d'objets design de haute facture artisanale en porcelaine de Limoges commercialis\u00e9es dans le monde entier et r\u00e9alis\u00e9es \u00e0 partir de mat\u00e9riaux nobles. Vente en ligne d'art de la table moderne, assiettes, objets cadeaux design, porcelaine contemporaine et Wall Plates.","breadcrumb":{"@id":"https:\/\/nonsansraison.com\/exposition-blanc-comme-neige-au-docks-design-a-bordeaux-2\/#breadcrumb"},"inLanguage":"en-US","potentialAction":[{"@type":"ReadAction","target":["https:\/\/nonsansraison.com\/exposition-blanc-comme-neige-au-docks-design-a-bordeaux-2\/"]}]},{"@type":"ImageObject","inLanguage":"en-US","@id":"https:\/\/nonsansraison.com\/exposition-blanc-comme-neige-au-docks-design-a-bordeaux-2\/#primaryimage","url":"https:\/\/nonsansraison.com\/wp-content\/uploads\/2022\/05\/510EF18F-33E8-4A80-A8C2-40011E842E7A.jpg","contentUrl":"https:\/\/nonsansraison.com\/wp-content\/uploads\/2022\/05\/510EF18F-33E8-4A80-A8C2-40011E842E7A.jpg","width":821,"height":821},{"@type":"BreadcrumbList","@id":"https:\/\/nonsansraison.com\/exposition-blanc-comme-neige-au-docks-design-a-bordeaux-2\/#breadcrumb","itemListElement":[{"@type":"ListItem","position":1,"name":"Accueil","item":"https:\/\/nonsansraison.com\/en\/"},{"@type":"ListItem","position":2,"name":"Exposition &#8220;Blanc comme neige&#8221; au Docks Design \u00e0 Bordeaux"}]},{"@type":"WebSite","@id":"https:\/\/nonsansraison.com\/#website","url":"https:\/\/nonsansraison.com\/","name":"Non Sans Raison","description":"Porcelaine de Limoges","publisher":{"@id":"https:\/\/nonsansraison.com\/#organization"},"potentialAction":[{"@type":"SearchAction","target":{"@type":"EntryPoint","urlTemplate":"https:\/\/nonsansraison.com\/?s={search_term_string}"},"query-input":{"@type":"PropertyValueSpecification","valueRequired":true,"valueName":"search_term_string"}}],"inLanguage":"en-US"},{"@type":"Organization","@id":"https:\/\/nonsansraison.com\/#organization","name":"Non Sans Raison","url":"https:\/\/nonsansraison.com\/","logo":{"@type":"ImageObject","inLanguage":"en-US","@id":"https:\/\/nonsansraison.com\/#\/schema\/logo\/image\/","url":"https:\/\/nonsansraison.com\/wp-content\/uploads\/2021\/07\/logo-Non-Sans-Raison-porcelaine-Limoges-France.jpg","contentUrl":"https:\/\/nonsansraison.com\/wp-content\/uploads\/2021\/07\/logo-Non-Sans-Raison-porcelaine-Limoges-France.jpg","width":500,"height":500,"caption":"Non Sans Raison"},"image":{"@id":"https:\/\/nonsansraison.com\/#\/schema\/logo\/image\/"},"sameAs":["https:\/\/www.facebook.com\/nonsansraison","https:\/\/x.com\/nonsansraison","https:\/\/www.instagram.com\/nonsansraison\/","https:\/\/www.linkedin.com\/company\/non-sans-raison","https:\/\/fr.pinterest.com\/nonsansraison\/"]},{"@type":"Person","@id":"https:\/\/nonsansraison.com\/#\/schema\/person\/76e6c9f312332d3a496285a9a97b777b","name":"Non Sans Raison"}]}},"_links":{"self":[{"href":"https:\/\/nonsansraison.com\/en\/wp-json\/wp\/v2\/posts\/15312","targetHints":{"allow":["GET"]}}],"collection":[{"href":"https:\/\/nonsansraison.com\/en\/wp-json\/wp\/v2\/posts"}],"about":[{"href":"https:\/\/nonsansraison.com\/en\/wp-json\/wp\/v2\/types\/post"}],"author":[{"embeddable":true,"href":"https:\/\/nonsansraison.com\/en\/wp-json\/wp\/v2\/users\/1"}],"replies":[{"embeddable":true,"href":"https:\/\/nonsansraison.com\/en\/wp-json\/wp\/v2\/comments?post=15312"}],"version-history":[{"count":2,"href":"https:\/\/nonsansraison.com\/en\/wp-json\/wp\/v2\/posts\/15312\/revisions"}],"predecessor-version":[{"id":15314,"href":"https:\/\/nonsansraison.com\/en\/wp-json\/wp\/v2\/posts\/15312\/revisions\/15314"}],"wp:featuredmedia":[{"embeddable":true,"href":"https:\/\/nonsansraison.com\/en\/wp-json\/wp\/v2\/media\/15310"}],"wp:attachment":[{"href":"https:\/\/nonsansraison.com\/en\/wp-json\/wp\/v2\/media?parent=15312"}],"wp:term":[{"taxonomy":"category","embeddable":true,"href":"https:\/\/nonsansraison.com\/en\/wp-json\/wp\/v2\/categories?post=15312"},{"taxonomy":"post_tag","embeddable":true,"href":"https:\/\/nonsansraison.com\/en\/wp-json\/wp\/v2\/tags?post=15312"}],"curies":[{"name":"wp","href":"https:\/\/api.w.org\/{rel}","templated":true}]}}