{"id":15279,"date":"2020-12-03T13:22:52","date_gmt":"2020-12-03T12:22:52","guid":{"rendered":"https:\/\/nonsansraison.com\/?p=15279"},"modified":"2022-05-03T14:16:22","modified_gmt":"2022-05-03T13:16:22","slug":"ouverture-de-la-boutique-disly","status":"publish","type":"post","link":"https:\/\/nonsansraison.com\/en\/ouverture-de-la-boutique-disly\/","title":{"rendered":"Ouverture de la boutique d&#8217;Isly"},"content":{"rendered":"<p>&nbsp;<\/p>\n<p>Des mois que nous travaillons d&#8217;arrache-pied pour vous ouvrir nos portes dans un \u00e9crin unique au plus pr\u00e8s de nos ateliers. Ainsi, d\u00e8s le vendredi 18 d\u00e9cembre, nous aurons le plaisir de vous recevoir au 5 impasse d&#8217;Isly en plein coeur de Limoges pour vous pr\u00e9senter notre univers, nos collections, nos ateliers et toujours plus de nouveaut\u00e9s et d&#8217;\u00e9ditions limit\u00e9es pour trouver la pi\u00e8ce d&#8217;exception m\u00ealant savoir-faire d&#8217;excellence et avant-garde arty.<\/p>\n<p><span style=\"color: #000080; font-size: large;\"><strong>Alors Rendez-vous le 18 d\u00e9cembre !<\/strong><\/span><\/p>\n<p>Toute l\u2019\u00e9quipe de Non Sans Raison se tient\u00a0\u00e0 votre disposition pour vous accueillir dans les meilleurs conditions et dans le respect\u00a0des\u00a0exigences sanitaires en cours. Vous souhaitez d&#8217;ores et d\u00e9j\u00e0 prendre rendez-vous, n&#8217;h\u00e9sitez pas \u00e0\u00a0nous envoyer un\u00a0mail. Pour ceux qui le souhaitent, le click and collect est aussi disponible sur notre site de vente en ligne.<\/p>\n<p>&nbsp;<\/p>\n<p>A tr\u00e8s vite au 5 Impasse d&#8217;Isly \u00e0 Limoges<\/p>\n<p>Horaires d&#8217;ouverture : du mardi au samedi de 10h00 \u00e0 19h00<\/p>\n<p>Tel: 05 55 10 93 13<\/p>\n<p>&nbsp;<\/p>\n<p><img loading=\"lazy\" decoding=\"async\" class=\"aligncenter wp-image-15288 size-full\" src=\"https:\/\/nonsansraison.com\/wp-content\/uploads\/2020\/12\/D96A2758-scaled.jpg\" alt=\"non sans raison boutique\" width=\"1365\" height=\"2048\" srcset=\"https:\/\/nonsansraison.com\/wp-content\/uploads\/2020\/12\/D96A2758-scaled.jpg 1365w, https:\/\/nonsansraison.com\/wp-content\/uploads\/2020\/12\/D96A2758-200x300.jpg 200w, https:\/\/nonsansraison.com\/wp-content\/uploads\/2020\/12\/D96A2758-533x800.jpg 533w, https:\/\/nonsansraison.com\/wp-content\/uploads\/2020\/12\/D96A2758-60x90.jpg 60w, https:\/\/nonsansraison.com\/wp-content\/uploads\/2020\/12\/D96A2758-768x1152.jpg 768w, https:\/\/nonsansraison.com\/wp-content\/uploads\/2020\/12\/D96A2758-1024x1536.jpg 1024w, https:\/\/nonsansraison.com\/wp-content\/uploads\/2020\/12\/D96A2758-1280x1920.jpg 1280w, https:\/\/nonsansraison.com\/wp-content\/uploads\/2020\/12\/D96A2758-540x810.jpg 540w\" sizes=\"auto, (max-width: 1365px) 100vw, 1365px\" \/><\/p>\n<p><img loading=\"lazy\" decoding=\"async\" class=\"aligncenter wp-image-15290 size-full\" src=\"https:\/\/nonsansraison.com\/wp-content\/uploads\/2020\/12\/D96A2748-scaled.jpg\" alt=\"non sans raison boutique\" width=\"1365\" height=\"2048\" srcset=\"https:\/\/nonsansraison.com\/wp-content\/uploads\/2020\/12\/D96A2748-scaled.jpg 1365w, https:\/\/nonsansraison.com\/wp-content\/uploads\/2020\/12\/D96A2748-200x300.jpg 200w, https:\/\/nonsansraison.com\/wp-content\/uploads\/2020\/12\/D96A2748-533x800.jpg 533w, https:\/\/nonsansraison.com\/wp-content\/uploads\/2020\/12\/D96A2748-60x90.jpg 60w, https:\/\/nonsansraison.com\/wp-content\/uploads\/2020\/12\/D96A2748-768x1152.jpg 768w, https:\/\/nonsansraison.com\/wp-content\/uploads\/2020\/12\/D96A2748-1024x1536.jpg 1024w, https:\/\/nonsansraison.com\/wp-content\/uploads\/2020\/12\/D96A2748-1280x1920.jpg 1280w, https:\/\/nonsansraison.com\/wp-content\/uploads\/2020\/12\/D96A2748-540x810.jpg 540w\" sizes=\"auto, (max-width: 1365px) 100vw, 1365px\" \/><\/p>\n","protected":false},"excerpt":{"rendered":"<p>&nbsp; Des mois que nous travaillons d&#8217;arrache-pied pour vous ouvrir nos portes dans un \u00e9crin unique au plus pr\u00e8s de nos ateliers. Ainsi, d\u00e8s le vendredi 18 d\u00e9cembre, nous aurons le plaisir de vous recevoir au 5 impasse d&#8217;Isly en plein coeur de Limoges pour vous pr\u00e9senter notre univers, nos collections, nos ateliers et toujours plus de nouveaut\u00e9s et d&#8217;\u00e9ditions [&hellip;]<\/p>\n","protected":false},"author":1,"featured_media":15284,"comment_status":"closed","ping_status":"open","sticky":false,"template":"","format":"standard","meta":{"footnotes":"","_links_to":"","_links_to_target":""},"categories":[197],"tags":[],"class_list":["post-15279","post","type-post","status-publish","format-standard","has-post-thumbnail","hentry","category-non-classifiee"],"yoast_head":"<!-- This site is optimized with the Yoast SEO plugin v27.1.1 - https:\/\/yoast.com\/product\/yoast-seo-wordpress\/ -->\n<title>Ouverture de la boutique d&#039;Isly - Non Sans Raison<\/title>\n<meta name=\"description\" content=\"Non Sans Raison, cr\u00e9ateur, fabricant et \u00e9diteur d&#039;art de la table et d&#039;objets design de haute facture artisanale en porcelaine de Limoges commercialis\u00e9es dans le monde entier et r\u00e9alis\u00e9es \u00e0 partir de mat\u00e9riaux nobles. Vente en ligne d&#039;art de la table moderne, assiettes, objets cadeaux design, porcelaine contemporaine et Wall Plates.\" \/>\n<meta name=\"robots\" content=\"index, follow, max-snippet:-1, max-image-preview:large, max-video-preview:-1\" \/>\n<link rel=\"canonical\" href=\"https:\/\/nonsansraison.com\/ouverture-de-la-boutique-disly\/\" \/>\n<meta property=\"og:locale\" content=\"en_US\" \/>\n<meta property=\"og:type\" content=\"article\" \/>\n<meta property=\"og:title\" content=\"Ouverture de la boutique d&#039;Isly - Non Sans Raison\" \/>\n<meta property=\"og:description\" content=\"Non Sans Raison, cr\u00e9ateur, fabricant et \u00e9diteur d&#039;art de la table et d&#039;objets design de haute facture artisanale en porcelaine de Limoges commercialis\u00e9es dans le monde entier et r\u00e9alis\u00e9es \u00e0 partir de mat\u00e9riaux nobles. Vente en ligne d&#039;art de la table moderne, assiettes, objets cadeaux design, porcelaine contemporaine et Wall Plates.\" \/>\n<meta property=\"og:url\" content=\"https:\/\/nonsansraison.com\/ouverture-de-la-boutique-disly\/\" \/>\n<meta property=\"og:site_name\" content=\"Non Sans Raison\" \/>\n<meta property=\"article:publisher\" content=\"https:\/\/www.facebook.com\/nonsansraison\" \/>\n<meta property=\"article:published_time\" content=\"2020-12-03T12:22:52+00:00\" \/>\n<meta property=\"article:modified_time\" content=\"2022-05-03T13:16:22+00:00\" \/>\n<meta property=\"og:image\" content=\"https:\/\/nonsansraison.com\/wp-content\/uploads\/2022\/05\/D96A2639-scaled.jpg\" \/>\n\t<meta property=\"og:image:width\" content=\"2048\" \/>\n\t<meta property=\"og:image:height\" content=\"1365\" \/>\n\t<meta property=\"og:image:type\" content=\"image\/jpeg\" \/>\n<meta name=\"author\" content=\"Non Sans Raison\" \/>\n<meta name=\"twitter:card\" content=\"summary_large_image\" \/>\n<meta name=\"twitter:creator\" content=\"@nonsansraison\" \/>\n<meta name=\"twitter:site\" content=\"@nonsansraison\" \/>\n<meta name=\"twitter:label1\" content=\"Written by\" \/>\n\t<meta name=\"twitter:data1\" content=\"Non Sans Raison\" \/>\n\t<meta name=\"twitter:label2\" content=\"Est. reading time\" \/>\n\t<meta name=\"twitter:data2\" content=\"2 minutes\" \/>\n<script type=\"application\/ld+json\" class=\"yoast-schema-graph\">{\"@context\":\"https:\/\/schema.org\",\"@graph\":[{\"@type\":\"Article\",\"@id\":\"https:\/\/nonsansraison.com\/ouverture-de-la-boutique-disly\/#article\",\"isPartOf\":{\"@id\":\"https:\/\/nonsansraison.com\/ouverture-de-la-boutique-disly\/\"},\"author\":{\"name\":\"Non Sans Raison\",\"@id\":\"https:\/\/nonsansraison.com\/#\/schema\/person\/76e6c9f312332d3a496285a9a97b777b\"},\"headline\":\"Ouverture de la boutique d&#8217;Isly\",\"datePublished\":\"2020-12-03T12:22:52+00:00\",\"dateModified\":\"2022-05-03T13:16:22+00:00\",\"mainEntityOfPage\":{\"@id\":\"https:\/\/nonsansraison.com\/ouverture-de-la-boutique-disly\/\"},\"wordCount\":179,\"publisher\":{\"@id\":\"https:\/\/nonsansraison.com\/#organization\"},\"image\":{\"@id\":\"https:\/\/nonsansraison.com\/ouverture-de-la-boutique-disly\/#primaryimage\"},\"thumbnailUrl\":\"https:\/\/nonsansraison.com\/wp-content\/uploads\/2022\/05\/D96A2639-scaled.jpg\",\"articleSection\":[\"Non classifi\u00e9(e)\"],\"inLanguage\":\"en-US\"},{\"@type\":\"WebPage\",\"@id\":\"https:\/\/nonsansraison.com\/ouverture-de-la-boutique-disly\/\",\"url\":\"https:\/\/nonsansraison.com\/ouverture-de-la-boutique-disly\/\",\"name\":\"Ouverture de la boutique d'Isly - Non Sans Raison\",\"isPartOf\":{\"@id\":\"https:\/\/nonsansraison.com\/#website\"},\"primaryImageOfPage\":{\"@id\":\"https:\/\/nonsansraison.com\/ouverture-de-la-boutique-disly\/#primaryimage\"},\"image\":{\"@id\":\"https:\/\/nonsansraison.com\/ouverture-de-la-boutique-disly\/#primaryimage\"},\"thumbnailUrl\":\"https:\/\/nonsansraison.com\/wp-content\/uploads\/2022\/05\/D96A2639-scaled.jpg\",\"datePublished\":\"2020-12-03T12:22:52+00:00\",\"dateModified\":\"2022-05-03T13:16:22+00:00\",\"description\":\"Non Sans Raison, cr\u00e9ateur, fabricant et \u00e9diteur d'art de la table et d'objets design de haute facture artisanale en porcelaine de Limoges commercialis\u00e9es dans le monde entier et r\u00e9alis\u00e9es \u00e0 partir de mat\u00e9riaux nobles. Vente en ligne d'art de la table moderne, assiettes, objets cadeaux design, porcelaine contemporaine et Wall Plates.\",\"breadcrumb\":{\"@id\":\"https:\/\/nonsansraison.com\/ouverture-de-la-boutique-disly\/#breadcrumb\"},\"inLanguage\":\"en-US\",\"potentialAction\":[{\"@type\":\"ReadAction\",\"target\":[\"https:\/\/nonsansraison.com\/ouverture-de-la-boutique-disly\/\"]}]},{\"@type\":\"ImageObject\",\"inLanguage\":\"en-US\",\"@id\":\"https:\/\/nonsansraison.com\/ouverture-de-la-boutique-disly\/#primaryimage\",\"url\":\"https:\/\/nonsansraison.com\/wp-content\/uploads\/2022\/05\/D96A2639-scaled.jpg\",\"contentUrl\":\"https:\/\/nonsansraison.com\/wp-content\/uploads\/2022\/05\/D96A2639-scaled.jpg\",\"width\":2048,\"height\":1365},{\"@type\":\"BreadcrumbList\",\"@id\":\"https:\/\/nonsansraison.com\/ouverture-de-la-boutique-disly\/#breadcrumb\",\"itemListElement\":[{\"@type\":\"ListItem\",\"position\":1,\"name\":\"Accueil\",\"item\":\"https:\/\/nonsansraison.com\/en\/\"},{\"@type\":\"ListItem\",\"position\":2,\"name\":\"Ouverture de la boutique d&#8217;Isly\"}]},{\"@type\":\"WebSite\",\"@id\":\"https:\/\/nonsansraison.com\/#website\",\"url\":\"https:\/\/nonsansraison.com\/\",\"name\":\"Non Sans Raison\",\"description\":\"Porcelaine de Limoges\",\"publisher\":{\"@id\":\"https:\/\/nonsansraison.com\/#organization\"},\"potentialAction\":[{\"@type\":\"SearchAction\",\"target\":{\"@type\":\"EntryPoint\",\"urlTemplate\":\"https:\/\/nonsansraison.com\/?s={search_term_string}\"},\"query-input\":{\"@type\":\"PropertyValueSpecification\",\"valueRequired\":true,\"valueName\":\"search_term_string\"}}],\"inLanguage\":\"en-US\"},{\"@type\":\"Organization\",\"@id\":\"https:\/\/nonsansraison.com\/#organization\",\"name\":\"Non Sans Raison\",\"url\":\"https:\/\/nonsansraison.com\/\",\"logo\":{\"@type\":\"ImageObject\",\"inLanguage\":\"en-US\",\"@id\":\"https:\/\/nonsansraison.com\/#\/schema\/logo\/image\/\",\"url\":\"https:\/\/nonsansraison.com\/wp-content\/uploads\/2021\/07\/logo-Non-Sans-Raison-porcelaine-Limoges-France.jpg\",\"contentUrl\":\"https:\/\/nonsansraison.com\/wp-content\/uploads\/2021\/07\/logo-Non-Sans-Raison-porcelaine-Limoges-France.jpg\",\"width\":500,\"height\":500,\"caption\":\"Non Sans Raison\"},\"image\":{\"@id\":\"https:\/\/nonsansraison.com\/#\/schema\/logo\/image\/\"},\"sameAs\":[\"https:\/\/www.facebook.com\/nonsansraison\",\"https:\/\/x.com\/nonsansraison\",\"https:\/\/www.instagram.com\/nonsansraison\/\",\"https:\/\/www.linkedin.com\/company\/non-sans-raison\",\"https:\/\/fr.pinterest.com\/nonsansraison\/\"]},{\"@type\":\"Person\",\"@id\":\"https:\/\/nonsansraison.com\/#\/schema\/person\/76e6c9f312332d3a496285a9a97b777b\",\"name\":\"Non Sans Raison\"}]}<\/script>\n<!-- \/ Yoast SEO plugin. -->","yoast_head_json":{"title":"Ouverture de la boutique d'Isly - Non Sans Raison","description":"Non Sans Raison, cr\u00e9ateur, fabricant et \u00e9diteur d'art de la table et d'objets design de haute facture artisanale en porcelaine de Limoges commercialis\u00e9es dans le monde entier et r\u00e9alis\u00e9es \u00e0 partir de mat\u00e9riaux nobles. Vente en ligne d'art de la table moderne, assiettes, objets cadeaux design, porcelaine contemporaine et Wall Plates.","robots":{"index":"index","follow":"follow","max-snippet":"max-snippet:-1","max-image-preview":"max-image-preview:large","max-video-preview":"max-video-preview:-1"},"canonical":"https:\/\/nonsansraison.com\/ouverture-de-la-boutique-disly\/","og_locale":"en_US","og_type":"article","og_title":"Ouverture de la boutique d'Isly - Non Sans Raison","og_description":"Non Sans Raison, cr\u00e9ateur, fabricant et \u00e9diteur d'art de la table et d'objets design de haute facture artisanale en porcelaine de Limoges commercialis\u00e9es dans le monde entier et r\u00e9alis\u00e9es \u00e0 partir de mat\u00e9riaux nobles. Vente en ligne d'art de la table moderne, assiettes, objets cadeaux design, porcelaine contemporaine et Wall Plates.","og_url":"https:\/\/nonsansraison.com\/ouverture-de-la-boutique-disly\/","og_site_name":"Non Sans Raison","article_publisher":"https:\/\/www.facebook.com\/nonsansraison","article_published_time":"2020-12-03T12:22:52+00:00","article_modified_time":"2022-05-03T13:16:22+00:00","og_image":[{"width":2048,"height":1365,"url":"https:\/\/nonsansraison.com\/wp-content\/uploads\/2022\/05\/D96A2639-scaled.jpg","type":"image\/jpeg"}],"author":"Non Sans Raison","twitter_card":"summary_large_image","twitter_creator":"@nonsansraison","twitter_site":"@nonsansraison","twitter_misc":{"Written by":"Non Sans Raison","Est. reading time":"2 minutes"},"schema":{"@context":"https:\/\/schema.org","@graph":[{"@type":"Article","@id":"https:\/\/nonsansraison.com\/ouverture-de-la-boutique-disly\/#article","isPartOf":{"@id":"https:\/\/nonsansraison.com\/ouverture-de-la-boutique-disly\/"},"author":{"name":"Non Sans Raison","@id":"https:\/\/nonsansraison.com\/#\/schema\/person\/76e6c9f312332d3a496285a9a97b777b"},"headline":"Ouverture de la boutique d&#8217;Isly","datePublished":"2020-12-03T12:22:52+00:00","dateModified":"2022-05-03T13:16:22+00:00","mainEntityOfPage":{"@id":"https:\/\/nonsansraison.com\/ouverture-de-la-boutique-disly\/"},"wordCount":179,"publisher":{"@id":"https:\/\/nonsansraison.com\/#organization"},"image":{"@id":"https:\/\/nonsansraison.com\/ouverture-de-la-boutique-disly\/#primaryimage"},"thumbnailUrl":"https:\/\/nonsansraison.com\/wp-content\/uploads\/2022\/05\/D96A2639-scaled.jpg","articleSection":["Non classifi\u00e9(e)"],"inLanguage":"en-US"},{"@type":"WebPage","@id":"https:\/\/nonsansraison.com\/ouverture-de-la-boutique-disly\/","url":"https:\/\/nonsansraison.com\/ouverture-de-la-boutique-disly\/","name":"Ouverture de la boutique d'Isly - Non Sans Raison","isPartOf":{"@id":"https:\/\/nonsansraison.com\/#website"},"primaryImageOfPage":{"@id":"https:\/\/nonsansraison.com\/ouverture-de-la-boutique-disly\/#primaryimage"},"image":{"@id":"https:\/\/nonsansraison.com\/ouverture-de-la-boutique-disly\/#primaryimage"},"thumbnailUrl":"https:\/\/nonsansraison.com\/wp-content\/uploads\/2022\/05\/D96A2639-scaled.jpg","datePublished":"2020-12-03T12:22:52+00:00","dateModified":"2022-05-03T13:16:22+00:00","description":"Non Sans Raison, cr\u00e9ateur, fabricant et \u00e9diteur d'art de la table et d'objets design de haute facture artisanale en porcelaine de Limoges commercialis\u00e9es dans le monde entier et r\u00e9alis\u00e9es \u00e0 partir de mat\u00e9riaux nobles. Vente en ligne d'art de la table moderne, assiettes, objets cadeaux design, porcelaine contemporaine et Wall Plates.","breadcrumb":{"@id":"https:\/\/nonsansraison.com\/ouverture-de-la-boutique-disly\/#breadcrumb"},"inLanguage":"en-US","potentialAction":[{"@type":"ReadAction","target":["https:\/\/nonsansraison.com\/ouverture-de-la-boutique-disly\/"]}]},{"@type":"ImageObject","inLanguage":"en-US","@id":"https:\/\/nonsansraison.com\/ouverture-de-la-boutique-disly\/#primaryimage","url":"https:\/\/nonsansraison.com\/wp-content\/uploads\/2022\/05\/D96A2639-scaled.jpg","contentUrl":"https:\/\/nonsansraison.com\/wp-content\/uploads\/2022\/05\/D96A2639-scaled.jpg","width":2048,"height":1365},{"@type":"BreadcrumbList","@id":"https:\/\/nonsansraison.com\/ouverture-de-la-boutique-disly\/#breadcrumb","itemListElement":[{"@type":"ListItem","position":1,"name":"Accueil","item":"https:\/\/nonsansraison.com\/en\/"},{"@type":"ListItem","position":2,"name":"Ouverture de la boutique d&#8217;Isly"}]},{"@type":"WebSite","@id":"https:\/\/nonsansraison.com\/#website","url":"https:\/\/nonsansraison.com\/","name":"Non Sans Raison","description":"Porcelaine de Limoges","publisher":{"@id":"https:\/\/nonsansraison.com\/#organization"},"potentialAction":[{"@type":"SearchAction","target":{"@type":"EntryPoint","urlTemplate":"https:\/\/nonsansraison.com\/?s={search_term_string}"},"query-input":{"@type":"PropertyValueSpecification","valueRequired":true,"valueName":"search_term_string"}}],"inLanguage":"en-US"},{"@type":"Organization","@id":"https:\/\/nonsansraison.com\/#organization","name":"Non Sans Raison","url":"https:\/\/nonsansraison.com\/","logo":{"@type":"ImageObject","inLanguage":"en-US","@id":"https:\/\/nonsansraison.com\/#\/schema\/logo\/image\/","url":"https:\/\/nonsansraison.com\/wp-content\/uploads\/2021\/07\/logo-Non-Sans-Raison-porcelaine-Limoges-France.jpg","contentUrl":"https:\/\/nonsansraison.com\/wp-content\/uploads\/2021\/07\/logo-Non-Sans-Raison-porcelaine-Limoges-France.jpg","width":500,"height":500,"caption":"Non Sans Raison"},"image":{"@id":"https:\/\/nonsansraison.com\/#\/schema\/logo\/image\/"},"sameAs":["https:\/\/www.facebook.com\/nonsansraison","https:\/\/x.com\/nonsansraison","https:\/\/www.instagram.com\/nonsansraison\/","https:\/\/www.linkedin.com\/company\/non-sans-raison","https:\/\/fr.pinterest.com\/nonsansraison\/"]},{"@type":"Person","@id":"https:\/\/nonsansraison.com\/#\/schema\/person\/76e6c9f312332d3a496285a9a97b777b","name":"Non Sans Raison"}]}},"_links":{"self":[{"href":"https:\/\/nonsansraison.com\/en\/wp-json\/wp\/v2\/posts\/15279","targetHints":{"allow":["GET"]}}],"collection":[{"href":"https:\/\/nonsansraison.com\/en\/wp-json\/wp\/v2\/posts"}],"about":[{"href":"https:\/\/nonsansraison.com\/en\/wp-json\/wp\/v2\/types\/post"}],"author":[{"embeddable":true,"href":"https:\/\/nonsansraison.com\/en\/wp-json\/wp\/v2\/users\/1"}],"replies":[{"embeddable":true,"href":"https:\/\/nonsansraison.com\/en\/wp-json\/wp\/v2\/comments?post=15279"}],"version-history":[{"count":7,"href":"https:\/\/nonsansraison.com\/en\/wp-json\/wp\/v2\/posts\/15279\/revisions"}],"predecessor-version":[{"id":15294,"href":"https:\/\/nonsansraison.com\/en\/wp-json\/wp\/v2\/posts\/15279\/revisions\/15294"}],"wp:featuredmedia":[{"embeddable":true,"href":"https:\/\/nonsansraison.com\/en\/wp-json\/wp\/v2\/media\/15284"}],"wp:attachment":[{"href":"https:\/\/nonsansraison.com\/en\/wp-json\/wp\/v2\/media?parent=15279"}],"wp:term":[{"taxonomy":"category","embeddable":true,"href":"https:\/\/nonsansraison.com\/en\/wp-json\/wp\/v2\/categories?post=15279"},{"taxonomy":"post_tag","embeddable":true,"href":"https:\/\/nonsansraison.com\/en\/wp-json\/wp\/v2\/tags?post=15279"}],"curies":[{"name":"wp","href":"https:\/\/api.w.org\/{rel}","templated":true}]}}