{"id":13610,"date":"2019-05-19T15:21:42","date_gmt":"2019-05-19T14:21:42","guid":{"rendered":"https:\/\/nonsansraison.com\/?p=13610"},"modified":"2019-11-19T15:22:21","modified_gmt":"2019-11-19T14:22:21","slug":"nos-collections-aux-couleurs-de-la-cucina-italiana","status":"publish","type":"post","link":"https:\/\/nonsansraison.com\/en\/nos-collections-aux-couleurs-de-la-cucina-italiana\/","title":{"rendered":"Nos collections aux couleurs de La Cucina Italiana"},"content":{"rendered":"<p>Merci au magazine La Cucina Italiana pour cette belle exp\u00e9rience culinaire avec nos assiettes \u00e0 retrouver dans le num\u00e9ro d&#8217;Avril.<\/p>\n","protected":false},"excerpt":{"rendered":"<p>Merci au magazine La Cucina Italiana pour cette belle exp\u00e9rience culinaire avec nos assiettes \u00e0 retrouver dans le num\u00e9ro d&#8217;Avril.<\/p>\n","protected":false},"author":1,"featured_media":13611,"comment_status":"closed","ping_status":"open","sticky":false,"template":"","format":"standard","meta":{"footnotes":"","_links_to":"","_links_to_target":""},"categories":[197],"tags":[],"class_list":["post-13610","post","type-post","status-publish","format-standard","has-post-thumbnail","hentry","category-non-classifiee"],"yoast_head":"<!-- This site is optimized with the Yoast SEO plugin v27.1.1 - https:\/\/yoast.com\/product\/yoast-seo-wordpress\/ -->\n<title>Nos collections aux couleurs de La Cucina Italiana - Non Sans Raison<\/title>\n<meta name=\"description\" content=\"Non Sans Raison, cr\u00e9ateur, fabricant et \u00e9diteur d&#039;art de la table et d&#039;objets design de haute facture artisanale en porcelaine de Limoges commercialis\u00e9es dans le monde entier et r\u00e9alis\u00e9es \u00e0 partir de mat\u00e9riaux nobles. Vente en ligne d&#039;art de la table moderne, assiettes, objets cadeaux design, porcelaine contemporaine et Wall Plates.\" \/>\n<meta name=\"robots\" content=\"index, follow, max-snippet:-1, max-image-preview:large, max-video-preview:-1\" \/>\n<link rel=\"canonical\" href=\"https:\/\/nonsansraison.com\/nos-collections-aux-couleurs-de-la-cucina-italiana\/\" \/>\n<meta property=\"og:locale\" content=\"en_US\" \/>\n<meta property=\"og:type\" content=\"article\" \/>\n<meta property=\"og:title\" content=\"Nos collections aux couleurs de La Cucina Italiana - Non Sans Raison\" \/>\n<meta property=\"og:description\" content=\"Non Sans Raison, cr\u00e9ateur, fabricant et \u00e9diteur d&#039;art de la table et d&#039;objets design de haute facture artisanale en porcelaine de Limoges commercialis\u00e9es dans le monde entier et r\u00e9alis\u00e9es \u00e0 partir de mat\u00e9riaux nobles. Vente en ligne d&#039;art de la table moderne, assiettes, objets cadeaux design, porcelaine contemporaine et Wall Plates.\" \/>\n<meta property=\"og:url\" content=\"https:\/\/nonsansraison.com\/nos-collections-aux-couleurs-de-la-cucina-italiana\/\" \/>\n<meta property=\"og:site_name\" content=\"Non Sans Raison\" \/>\n<meta property=\"article:publisher\" content=\"https:\/\/www.facebook.com\/nonsansraison\" \/>\n<meta property=\"article:published_time\" content=\"2019-05-19T14:21:42+00:00\" \/>\n<meta property=\"article:modified_time\" content=\"2019-11-19T14:22:21+00:00\" \/>\n<meta property=\"og:image\" content=\"https:\/\/nonsansraison.com\/wp-content\/uploads\/2019\/11\/Pagine-estratte-senza-titolo-22.jpg\" \/>\n\t<meta property=\"og:image:width\" content=\"1329\" \/>\n\t<meta property=\"og:image:height\" content=\"1329\" \/>\n\t<meta property=\"og:image:type\" content=\"image\/jpeg\" \/>\n<meta name=\"author\" content=\"Non Sans Raison\" \/>\n<meta name=\"twitter:card\" content=\"summary_large_image\" \/>\n<meta name=\"twitter:creator\" content=\"@nonsansraison\" \/>\n<meta name=\"twitter:site\" content=\"@nonsansraison\" \/>\n<meta name=\"twitter:label1\" content=\"Written by\" \/>\n\t<meta name=\"twitter:data1\" content=\"Non Sans Raison\" \/>\n<script type=\"application\/ld+json\" class=\"yoast-schema-graph\">{\"@context\":\"https:\/\/schema.org\",\"@graph\":[{\"@type\":\"Article\",\"@id\":\"https:\/\/nonsansraison.com\/nos-collections-aux-couleurs-de-la-cucina-italiana\/#article\",\"isPartOf\":{\"@id\":\"https:\/\/nonsansraison.com\/nos-collections-aux-couleurs-de-la-cucina-italiana\/\"},\"author\":{\"name\":\"Non Sans Raison\",\"@id\":\"https:\/\/nonsansraison.com\/#\/schema\/person\/76e6c9f312332d3a496285a9a97b777b\"},\"headline\":\"Nos collections aux couleurs de La Cucina Italiana\",\"datePublished\":\"2019-05-19T14:21:42+00:00\",\"dateModified\":\"2019-11-19T14:22:21+00:00\",\"mainEntityOfPage\":{\"@id\":\"https:\/\/nonsansraison.com\/nos-collections-aux-couleurs-de-la-cucina-italiana\/\"},\"wordCount\":30,\"publisher\":{\"@id\":\"https:\/\/nonsansraison.com\/#organization\"},\"image\":{\"@id\":\"https:\/\/nonsansraison.com\/nos-collections-aux-couleurs-de-la-cucina-italiana\/#primaryimage\"},\"thumbnailUrl\":\"https:\/\/nonsansraison.com\/wp-content\/uploads\/2019\/11\/Pagine-estratte-senza-titolo-22.jpg\",\"articleSection\":[\"Non classifi\u00e9(e)\"],\"inLanguage\":\"en-US\"},{\"@type\":\"WebPage\",\"@id\":\"https:\/\/nonsansraison.com\/nos-collections-aux-couleurs-de-la-cucina-italiana\/\",\"url\":\"https:\/\/nonsansraison.com\/nos-collections-aux-couleurs-de-la-cucina-italiana\/\",\"name\":\"Nos collections aux couleurs de La Cucina Italiana - Non Sans Raison\",\"isPartOf\":{\"@id\":\"https:\/\/nonsansraison.com\/#website\"},\"primaryImageOfPage\":{\"@id\":\"https:\/\/nonsansraison.com\/nos-collections-aux-couleurs-de-la-cucina-italiana\/#primaryimage\"},\"image\":{\"@id\":\"https:\/\/nonsansraison.com\/nos-collections-aux-couleurs-de-la-cucina-italiana\/#primaryimage\"},\"thumbnailUrl\":\"https:\/\/nonsansraison.com\/wp-content\/uploads\/2019\/11\/Pagine-estratte-senza-titolo-22.jpg\",\"datePublished\":\"2019-05-19T14:21:42+00:00\",\"dateModified\":\"2019-11-19T14:22:21+00:00\",\"description\":\"Non Sans Raison, cr\u00e9ateur, fabricant et \u00e9diteur d'art de la table et d'objets design de haute facture artisanale en porcelaine de Limoges commercialis\u00e9es dans le monde entier et r\u00e9alis\u00e9es \u00e0 partir de mat\u00e9riaux nobles. Vente en ligne d'art de la table moderne, assiettes, objets cadeaux design, porcelaine contemporaine et Wall Plates.\",\"breadcrumb\":{\"@id\":\"https:\/\/nonsansraison.com\/nos-collections-aux-couleurs-de-la-cucina-italiana\/#breadcrumb\"},\"inLanguage\":\"en-US\",\"potentialAction\":[{\"@type\":\"ReadAction\",\"target\":[\"https:\/\/nonsansraison.com\/nos-collections-aux-couleurs-de-la-cucina-italiana\/\"]}]},{\"@type\":\"ImageObject\",\"inLanguage\":\"en-US\",\"@id\":\"https:\/\/nonsansraison.com\/nos-collections-aux-couleurs-de-la-cucina-italiana\/#primaryimage\",\"url\":\"https:\/\/nonsansraison.com\/wp-content\/uploads\/2019\/11\/Pagine-estratte-senza-titolo-22.jpg\",\"contentUrl\":\"https:\/\/nonsansraison.com\/wp-content\/uploads\/2019\/11\/Pagine-estratte-senza-titolo-22.jpg\",\"width\":1329,\"height\":1329},{\"@type\":\"BreadcrumbList\",\"@id\":\"https:\/\/nonsansraison.com\/nos-collections-aux-couleurs-de-la-cucina-italiana\/#breadcrumb\",\"itemListElement\":[{\"@type\":\"ListItem\",\"position\":1,\"name\":\"Accueil\",\"item\":\"https:\/\/nonsansraison.com\/en\/\"},{\"@type\":\"ListItem\",\"position\":2,\"name\":\"Nos collections aux couleurs de La Cucina Italiana\"}]},{\"@type\":\"WebSite\",\"@id\":\"https:\/\/nonsansraison.com\/#website\",\"url\":\"https:\/\/nonsansraison.com\/\",\"name\":\"Non Sans Raison\",\"description\":\"Porcelaine de Limoges\",\"publisher\":{\"@id\":\"https:\/\/nonsansraison.com\/#organization\"},\"potentialAction\":[{\"@type\":\"SearchAction\",\"target\":{\"@type\":\"EntryPoint\",\"urlTemplate\":\"https:\/\/nonsansraison.com\/?s={search_term_string}\"},\"query-input\":{\"@type\":\"PropertyValueSpecification\",\"valueRequired\":true,\"valueName\":\"search_term_string\"}}],\"inLanguage\":\"en-US\"},{\"@type\":\"Organization\",\"@id\":\"https:\/\/nonsansraison.com\/#organization\",\"name\":\"Non Sans Raison\",\"url\":\"https:\/\/nonsansraison.com\/\",\"logo\":{\"@type\":\"ImageObject\",\"inLanguage\":\"en-US\",\"@id\":\"https:\/\/nonsansraison.com\/#\/schema\/logo\/image\/\",\"url\":\"https:\/\/nonsansraison.com\/wp-content\/uploads\/2021\/07\/logo-Non-Sans-Raison-porcelaine-Limoges-France.jpg\",\"contentUrl\":\"https:\/\/nonsansraison.com\/wp-content\/uploads\/2021\/07\/logo-Non-Sans-Raison-porcelaine-Limoges-France.jpg\",\"width\":500,\"height\":500,\"caption\":\"Non Sans Raison\"},\"image\":{\"@id\":\"https:\/\/nonsansraison.com\/#\/schema\/logo\/image\/\"},\"sameAs\":[\"https:\/\/www.facebook.com\/nonsansraison\",\"https:\/\/x.com\/nonsansraison\",\"https:\/\/www.instagram.com\/nonsansraison\/\",\"https:\/\/www.linkedin.com\/company\/non-sans-raison\",\"https:\/\/fr.pinterest.com\/nonsansraison\/\"]},{\"@type\":\"Person\",\"@id\":\"https:\/\/nonsansraison.com\/#\/schema\/person\/76e6c9f312332d3a496285a9a97b777b\",\"name\":\"Non Sans Raison\"}]}<\/script>\n<!-- \/ Yoast SEO plugin. -->","yoast_head_json":{"title":"Nos collections aux couleurs de La Cucina Italiana - Non Sans Raison","description":"Non Sans Raison, cr\u00e9ateur, fabricant et \u00e9diteur d'art de la table et d'objets design de haute facture artisanale en porcelaine de Limoges commercialis\u00e9es dans le monde entier et r\u00e9alis\u00e9es \u00e0 partir de mat\u00e9riaux nobles. Vente en ligne d'art de la table moderne, assiettes, objets cadeaux design, porcelaine contemporaine et Wall Plates.","robots":{"index":"index","follow":"follow","max-snippet":"max-snippet:-1","max-image-preview":"max-image-preview:large","max-video-preview":"max-video-preview:-1"},"canonical":"https:\/\/nonsansraison.com\/nos-collections-aux-couleurs-de-la-cucina-italiana\/","og_locale":"en_US","og_type":"article","og_title":"Nos collections aux couleurs de La Cucina Italiana - Non Sans Raison","og_description":"Non Sans Raison, cr\u00e9ateur, fabricant et \u00e9diteur d'art de la table et d'objets design de haute facture artisanale en porcelaine de Limoges commercialis\u00e9es dans le monde entier et r\u00e9alis\u00e9es \u00e0 partir de mat\u00e9riaux nobles. Vente en ligne d'art de la table moderne, assiettes, objets cadeaux design, porcelaine contemporaine et Wall Plates.","og_url":"https:\/\/nonsansraison.com\/nos-collections-aux-couleurs-de-la-cucina-italiana\/","og_site_name":"Non Sans Raison","article_publisher":"https:\/\/www.facebook.com\/nonsansraison","article_published_time":"2019-05-19T14:21:42+00:00","article_modified_time":"2019-11-19T14:22:21+00:00","og_image":[{"width":1329,"height":1329,"url":"https:\/\/nonsansraison.com\/wp-content\/uploads\/2019\/11\/Pagine-estratte-senza-titolo-22.jpg","type":"image\/jpeg"}],"author":"Non Sans Raison","twitter_card":"summary_large_image","twitter_creator":"@nonsansraison","twitter_site":"@nonsansraison","twitter_misc":{"Written by":"Non Sans Raison"},"schema":{"@context":"https:\/\/schema.org","@graph":[{"@type":"Article","@id":"https:\/\/nonsansraison.com\/nos-collections-aux-couleurs-de-la-cucina-italiana\/#article","isPartOf":{"@id":"https:\/\/nonsansraison.com\/nos-collections-aux-couleurs-de-la-cucina-italiana\/"},"author":{"name":"Non Sans Raison","@id":"https:\/\/nonsansraison.com\/#\/schema\/person\/76e6c9f312332d3a496285a9a97b777b"},"headline":"Nos collections aux couleurs de La Cucina Italiana","datePublished":"2019-05-19T14:21:42+00:00","dateModified":"2019-11-19T14:22:21+00:00","mainEntityOfPage":{"@id":"https:\/\/nonsansraison.com\/nos-collections-aux-couleurs-de-la-cucina-italiana\/"},"wordCount":30,"publisher":{"@id":"https:\/\/nonsansraison.com\/#organization"},"image":{"@id":"https:\/\/nonsansraison.com\/nos-collections-aux-couleurs-de-la-cucina-italiana\/#primaryimage"},"thumbnailUrl":"https:\/\/nonsansraison.com\/wp-content\/uploads\/2019\/11\/Pagine-estratte-senza-titolo-22.jpg","articleSection":["Non classifi\u00e9(e)"],"inLanguage":"en-US"},{"@type":"WebPage","@id":"https:\/\/nonsansraison.com\/nos-collections-aux-couleurs-de-la-cucina-italiana\/","url":"https:\/\/nonsansraison.com\/nos-collections-aux-couleurs-de-la-cucina-italiana\/","name":"Nos collections aux couleurs de La Cucina Italiana - Non Sans Raison","isPartOf":{"@id":"https:\/\/nonsansraison.com\/#website"},"primaryImageOfPage":{"@id":"https:\/\/nonsansraison.com\/nos-collections-aux-couleurs-de-la-cucina-italiana\/#primaryimage"},"image":{"@id":"https:\/\/nonsansraison.com\/nos-collections-aux-couleurs-de-la-cucina-italiana\/#primaryimage"},"thumbnailUrl":"https:\/\/nonsansraison.com\/wp-content\/uploads\/2019\/11\/Pagine-estratte-senza-titolo-22.jpg","datePublished":"2019-05-19T14:21:42+00:00","dateModified":"2019-11-19T14:22:21+00:00","description":"Non Sans Raison, cr\u00e9ateur, fabricant et \u00e9diteur d'art de la table et d'objets design de haute facture artisanale en porcelaine de Limoges commercialis\u00e9es dans le monde entier et r\u00e9alis\u00e9es \u00e0 partir de mat\u00e9riaux nobles. Vente en ligne d'art de la table moderne, assiettes, objets cadeaux design, porcelaine contemporaine et Wall Plates.","breadcrumb":{"@id":"https:\/\/nonsansraison.com\/nos-collections-aux-couleurs-de-la-cucina-italiana\/#breadcrumb"},"inLanguage":"en-US","potentialAction":[{"@type":"ReadAction","target":["https:\/\/nonsansraison.com\/nos-collections-aux-couleurs-de-la-cucina-italiana\/"]}]},{"@type":"ImageObject","inLanguage":"en-US","@id":"https:\/\/nonsansraison.com\/nos-collections-aux-couleurs-de-la-cucina-italiana\/#primaryimage","url":"https:\/\/nonsansraison.com\/wp-content\/uploads\/2019\/11\/Pagine-estratte-senza-titolo-22.jpg","contentUrl":"https:\/\/nonsansraison.com\/wp-content\/uploads\/2019\/11\/Pagine-estratte-senza-titolo-22.jpg","width":1329,"height":1329},{"@type":"BreadcrumbList","@id":"https:\/\/nonsansraison.com\/nos-collections-aux-couleurs-de-la-cucina-italiana\/#breadcrumb","itemListElement":[{"@type":"ListItem","position":1,"name":"Accueil","item":"https:\/\/nonsansraison.com\/en\/"},{"@type":"ListItem","position":2,"name":"Nos collections aux couleurs de La Cucina Italiana"}]},{"@type":"WebSite","@id":"https:\/\/nonsansraison.com\/#website","url":"https:\/\/nonsansraison.com\/","name":"Non Sans Raison","description":"Porcelaine de Limoges","publisher":{"@id":"https:\/\/nonsansraison.com\/#organization"},"potentialAction":[{"@type":"SearchAction","target":{"@type":"EntryPoint","urlTemplate":"https:\/\/nonsansraison.com\/?s={search_term_string}"},"query-input":{"@type":"PropertyValueSpecification","valueRequired":true,"valueName":"search_term_string"}}],"inLanguage":"en-US"},{"@type":"Organization","@id":"https:\/\/nonsansraison.com\/#organization","name":"Non Sans Raison","url":"https:\/\/nonsansraison.com\/","logo":{"@type":"ImageObject","inLanguage":"en-US","@id":"https:\/\/nonsansraison.com\/#\/schema\/logo\/image\/","url":"https:\/\/nonsansraison.com\/wp-content\/uploads\/2021\/07\/logo-Non-Sans-Raison-porcelaine-Limoges-France.jpg","contentUrl":"https:\/\/nonsansraison.com\/wp-content\/uploads\/2021\/07\/logo-Non-Sans-Raison-porcelaine-Limoges-France.jpg","width":500,"height":500,"caption":"Non Sans Raison"},"image":{"@id":"https:\/\/nonsansraison.com\/#\/schema\/logo\/image\/"},"sameAs":["https:\/\/www.facebook.com\/nonsansraison","https:\/\/x.com\/nonsansraison","https:\/\/www.instagram.com\/nonsansraison\/","https:\/\/www.linkedin.com\/company\/non-sans-raison","https:\/\/fr.pinterest.com\/nonsansraison\/"]},{"@type":"Person","@id":"https:\/\/nonsansraison.com\/#\/schema\/person\/76e6c9f312332d3a496285a9a97b777b","name":"Non Sans Raison"}]}},"_links":{"self":[{"href":"https:\/\/nonsansraison.com\/en\/wp-json\/wp\/v2\/posts\/13610","targetHints":{"allow":["GET"]}}],"collection":[{"href":"https:\/\/nonsansraison.com\/en\/wp-json\/wp\/v2\/posts"}],"about":[{"href":"https:\/\/nonsansraison.com\/en\/wp-json\/wp\/v2\/types\/post"}],"author":[{"embeddable":true,"href":"https:\/\/nonsansraison.com\/en\/wp-json\/wp\/v2\/users\/1"}],"replies":[{"embeddable":true,"href":"https:\/\/nonsansraison.com\/en\/wp-json\/wp\/v2\/comments?post=13610"}],"version-history":[{"count":1,"href":"https:\/\/nonsansraison.com\/en\/wp-json\/wp\/v2\/posts\/13610\/revisions"}],"predecessor-version":[{"id":13613,"href":"https:\/\/nonsansraison.com\/en\/wp-json\/wp\/v2\/posts\/13610\/revisions\/13613"}],"wp:featuredmedia":[{"embeddable":true,"href":"https:\/\/nonsansraison.com\/en\/wp-json\/wp\/v2\/media\/13611"}],"wp:attachment":[{"href":"https:\/\/nonsansraison.com\/en\/wp-json\/wp\/v2\/media?parent=13610"}],"wp:term":[{"taxonomy":"category","embeddable":true,"href":"https:\/\/nonsansraison.com\/en\/wp-json\/wp\/v2\/categories?post=13610"},{"taxonomy":"post_tag","embeddable":true,"href":"https:\/\/nonsansraison.com\/en\/wp-json\/wp\/v2\/tags?post=13610"}],"curies":[{"name":"wp","href":"https:\/\/api.w.org\/{rel}","templated":true}]}}